{"id":10108,"date":"2025-03-03T17:33:15","date_gmt":"2025-03-03T20:33:15","guid":{"rendered":"https:\/\/realidadsur.com.ar\/?p=10108"},"modified":"2025-03-03T17:33:18","modified_gmt":"2025-03-03T20:33:18","slug":"mussi-se-refirio-a-su-salud","status":"publish","type":"post","link":"https:\/\/realidadsur.com.ar\/?p=10108","title":{"rendered":"MUSSI SE REFIRI\u00d3 A SU SALUD"},"content":{"rendered":"\n<p>En su mensaje ante el Concejo Deliberante de Berazategui, el intendente Juan Jos\u00e9 Mussi, se refiri\u00f3 a su estado de salud y a la pr\u00f3xima intervenci\u00f3n quir\u00fargica a la que ser\u00e1 sometido.<\/p>\n\n\n\n<p>&#8220;Estoy deseando operarme para poder estar otra vez con los vecinos y lo voy a hacer&#8221;, afirm\u00f3 en un momento de su discurso, antes de agradecer a su equipo de trabajo: &#8220;En estos d\u00edas que estuve funcionando estaba a m\u00e1quina forzada y ahora a media m\u00e1quina. En estos d\u00edas, hasta que me operen, ellos tambi\u00e9n me reemplazaron y me acompa\u00f1aron en distintos lugares, muchas gracias&#8221;.<\/p>\n\n\n\n<p>Del mismo modo, indic\u00f3: &#8220;Berazategui tiene la mala suerte de tener al electo de mayor edad del pa\u00eds. Este viejo, con orgullo, lo digo, es el que ha hecho posible much\u00edsima de estas cosas junto con su equipo&#8221;.<\/p>\n\n\n\n<p>El Jefe comunal, d\u00edas atr\u00e1s hab\u00eda anunciado que iba a ser sometido a dos intervenciones quir\u00fargicas cardiovasculares. Lo hab\u00eda hecho a trav\u00e9s de sus redes sociales, cuando inform\u00f3 que primero le colocar\u00edan un stent coronario, algo que ya sucedi\u00f3 con \u00e9xito. Y ahora deber\u00e1 someterse a un recambio valvular a\u00f3rtico, procedimiento que se realizar\u00e1 mediante cateterismo.<\/p>\n\n\n\n<p>\u201cEstoy seguro que todo esto me ayudar\u00e1 a continuar en condiciones para seguir conduciendo los destinos de nuestro Municipio, que tanto amo\u201d, expres\u00f3 en aquel momento el intendente, quien tambi\u00e9n agradeci\u00f3 los mensajes de apoyo de los vecinos.<\/p>\n","protected":false},"excerpt":{"rendered":"<p>En su mensaje ante el Concejo Deliberante de Berazategui, el intendente Juan Jos\u00e9 Mussi, se&#8230;<\/p>\n","protected":false},"author":2,"featured_media":10109,"comment_status":"open","ping_status":"open","sticky":false,"template":"","format":"standard","meta":{"_jetpack_memberships_contains_paid_content":false,"footnotes":""},"categories":[6],"tags":[11,9],"class_list":["post-10108","post","type-post","status-publish","format-standard","has-post-thumbnail","hentry","category-berazategui","tag-berazategui","tag-juan-jose-mussi"],"jetpack_featured_media_url":"https:\/\/i0.wp.com\/realidadsur.com.ar\/wp-content\/uploads\/2025\/03\/Mussi-sera-operado.jpg?fit=1280%2C852&ssl=1","jetpack_sharing_enabled":true,"_links":{"self":[{"href":"https:\/\/realidadsur.com.ar\/index.php?rest_route=\/wp\/v2\/posts\/10108","targetHints":{"allow":["GET"]}}],"collection":[{"href":"https:\/\/realidadsur.com.ar\/index.php?rest_route=\/wp\/v2\/posts"}],"about":[{"href":"https:\/\/realidadsur.com.ar\/index.php?rest_route=\/wp\/v2\/types\/post"}],"author":[{"embeddable":true,"href":"https:\/\/realidadsur.com.ar\/index.php?rest_route=\/wp\/v2\/users\/2"}],"replies":[{"embeddable":true,"href":"https:\/\/realidadsur.com.ar\/index.php?rest_route=%2Fwp%2Fv2%2Fcomments&post=10108"}],"version-history":[{"count":1,"href":"https:\/\/realidadsur.com.ar\/index.php?rest_route=\/wp\/v2\/posts\/10108\/revisions"}],"predecessor-version":[{"id":10110,"href":"https:\/\/realidadsur.com.ar\/index.php?rest_route=\/wp\/v2\/posts\/10108\/revisions\/10110"}],"wp:featuredmedia":[{"embeddable":true,"href":"https:\/\/realidadsur.com.ar\/index.php?rest_route=\/wp\/v2\/media\/10109"}],"wp:attachment":[{"href":"https:\/\/realidadsur.com.ar\/index.php?rest_route=%2Fwp%2Fv2%2Fmedia&parent=10108"}],"wp:term":[{"taxonomy":"category","embeddable":true,"href":"https:\/\/realidadsur.com.ar\/index.php?rest_route=%2Fwp%2Fv2%2Fcategories&post=10108"},{"taxonomy":"post_tag","embeddable":true,"href":"https:\/\/realidadsur.com.ar\/index.php?rest_route=%2Fwp%2Fv2%2Ftags&post=10108"}],"curies":[{"name":"wp","href":"https:\/\/api.w.org\/{rel}","templated":true}]}}