{"id":10137,"date":"2025-03-05T16:54:04","date_gmt":"2025-03-05T19:54:04","guid":{"rendered":"https:\/\/realidadsur.com.ar\/?p=10137"},"modified":"2025-03-05T16:54:06","modified_gmt":"2025-03-05T19:54:06","slug":"el-papa-francisco-no-sufrio-nuevas-crisis-respiratorias","status":"publish","type":"post","link":"https:\/\/realidadsur.com.ar\/?p=10137","title":{"rendered":"EL PAPA FRANCISCO NO SUFRI\u00d3 NUEVAS CRISIS RESPIRATORIAS"},"content":{"rendered":"\n<p>El papa Francisco no sufri\u00f3 nuevas crisis de insuficiencia respiratoria, inform\u00f3 hoy la Oficina de Prensa de la Santa Sede.<\/p>\n\n\n\n<p>De acuerdo al informe m\u00e9dico vespertino, el Sumo Pont\u00edfice &#8220;recibi\u00f3 oxigenoterapia de alto flujo durante el d\u00eda&#8221;, mientras que &#8220;la ventilaci\u00f3n mec\u00e1nica no invasiva se reanudar\u00e1 durante la noche&#8221;.<\/p>\n\n\n\n<p>&#8220;El Santo Padre aument\u00f3 la fisioterapia respiratoria y motora activa&#8221;, a\u00f1adi\u00f3 el texto, que recalc\u00f3: &#8220;Pas\u00f3 el d\u00eda en un sill\u00f3n&#8221;.<\/p>\n\n\n\n<p>El pron\u00f3stico del ex arzobispo de Buenos Aires, de 88 a\u00f1os, contin\u00faa siendo &#8220;reservado dada la complejidad del cuadro cl\u00ednico&#8221;, destac\u00f3 el parte m\u00e9dico difundido por el sitio Vatican News.<\/p>\n\n\n\n<p>\u201cEsta ma\u00f1ana, en el piso privado de la 10\u00aa planta, Francisco particip\u00f3 en el rito de bendici\u00f3n de las Santas Cenizas que le impuso el celebrante, y luego recibi\u00f3 la Eucarist\u00eda&#8221;, sostuvo el texto.<\/p>\n\n\n\n<p>Adem\u00e1s, Jorge Bergoglio, que permanece internado desde el 14 de febrero en el Hospital Policl\u00ednico Agostino Gemelli de Roma por una bronquitis y una neumon\u00eda bilateral, &#8220;se dedic\u00f3 a algunas actividades de trabajo&#8221;.<\/p>\n\n\n\n<p>&#8220;Por la ma\u00f1ana, llam\u00f3 al P. Gabriel Romanelli, p\u00e1rroco de la Sagrada Familia de Gaza, a la ve que &#8220;por la tarde, altern\u00f3 descanso y trabajo&#8221;, se\u00f1al\u00f3 la Oficina de Prensa de la Santa Sede.<\/p>\n\n\n\n<p>En el parte m\u00e9dico conocido en la ma\u00f1ana de este mi\u00e9rcoles se precis\u00f3 que Francisco &#8220;descans\u00f3 bien durante toda la noche&#8221;.<\/p>\n\n\n\n<p>&#8220;El Papa ha descansado bien durante la noche, despert\u00e1ndose poco despu\u00e9s de las 8:00&#8221;, indicaron desde el citado recinto de la Santa Sede.<\/p>\n","protected":false},"excerpt":{"rendered":"<p>El papa Francisco no sufri\u00f3 nuevas crisis de insuficiencia respiratoria, inform\u00f3 hoy la Oficina de&#8230;<\/p>\n","protected":false},"author":2,"featured_media":10138,"comment_status":"open","ping_status":"open","sticky":false,"template":"","format":"standard","meta":{"_jetpack_memberships_contains_paid_content":false,"footnotes":""},"categories":[8,3],"tags":[112],"class_list":["post-10137","post","type-post","status-publish","format-standard","has-post-thumbnail","hentry","category-interes-general","category-nacion","tag-papa-francisco"],"jetpack_featured_media_url":"https:\/\/i0.wp.com\/realidadsur.com.ar\/wp-content\/uploads\/2025\/03\/Buenas-noticias-emitidas-por-el-Vaticano.webp?fit=1080%2C720&ssl=1","jetpack_sharing_enabled":true,"_links":{"self":[{"href":"https:\/\/realidadsur.com.ar\/index.php?rest_route=\/wp\/v2\/posts\/10137","targetHints":{"allow":["GET"]}}],"collection":[{"href":"https:\/\/realidadsur.com.ar\/index.php?rest_route=\/wp\/v2\/posts"}],"about":[{"href":"https:\/\/realidadsur.com.ar\/index.php?rest_route=\/wp\/v2\/types\/post"}],"author":[{"embeddable":true,"href":"https:\/\/realidadsur.com.ar\/index.php?rest_route=\/wp\/v2\/users\/2"}],"replies":[{"embeddable":true,"href":"https:\/\/realidadsur.com.ar\/index.php?rest_route=%2Fwp%2Fv2%2Fcomments&post=10137"}],"version-history":[{"count":1,"href":"https:\/\/realidadsur.com.ar\/index.php?rest_route=\/wp\/v2\/posts\/10137\/revisions"}],"predecessor-version":[{"id":10139,"href":"https:\/\/realidadsur.com.ar\/index.php?rest_route=\/wp\/v2\/posts\/10137\/revisions\/10139"}],"wp:featuredmedia":[{"embeddable":true,"href":"https:\/\/realidadsur.com.ar\/index.php?rest_route=\/wp\/v2\/media\/10138"}],"wp:attachment":[{"href":"https:\/\/realidadsur.com.ar\/index.php?rest_route=%2Fwp%2Fv2%2Fmedia&parent=10137"}],"wp:term":[{"taxonomy":"category","embeddable":true,"href":"https:\/\/realidadsur.com.ar\/index.php?rest_route=%2Fwp%2Fv2%2Fcategories&post=10137"},{"taxonomy":"post_tag","embeddable":true,"href":"https:\/\/realidadsur.com.ar\/index.php?rest_route=%2Fwp%2Fv2%2Ftags&post=10137"}],"curies":[{"name":"wp","href":"https:\/\/api.w.org\/{rel}","templated":true}]}}