{"id":10143,"date":"2025-03-06T15:08:39","date_gmt":"2025-03-06T18:08:39","guid":{"rendered":"https:\/\/realidadsur.com.ar\/?p=10143"},"modified":"2025-03-06T15:08:41","modified_gmt":"2025-03-06T18:08:41","slug":"el-gobierno-y-el-fmi-internacional-aclaran-items-sobre-un-posible-nuevo-prestamo","status":"publish","type":"post","link":"https:\/\/realidadsur.com.ar\/?p=10143","title":{"rendered":"EL GOBIERNO Y EL FMI INTERNACIONAL ACLARAN \u00cdTEMS SOBRE UN POSIBLE NUEVO PR\u00c9STAMO"},"content":{"rendered":"\n<p>El ministro de Econom\u00eda, Luis Caputo, afirm\u00f3 hoy que el Fondo Monetario Internacional (FMI) no pide una devaluaci\u00f3n y asegur\u00f3 que ya se pusieron de acuerdo en c\u00f3mo contin\u00faa el programa econ\u00f3mico, en tanto que desde el Fondo se refirieron al acuerdo que debe haber para aprobar el empr\u00e9stito.<\/p>\n\n\n\n<p>Asimismo, reiter\u00f3 que el programa se cerrar\u00eda en este primer cuatrimestre debido al tr\u00e1mite legislativo que se necesita y a la burocracia del FMI.<\/p>\n\n\n\n<p>El organismo aclar\u00f3 hoy que el pedido de aprobaci\u00f3n por parte del Congreso Nacional es una decisi\u00f3n del gobierno argentino por la legislaci\u00f3n vigente.<\/p>\n\n\n\n<p>\u201cVa a haber un acuerdo en el primer cuatrimestre. Nos pusimos de acuerdo con el programa econ\u00f3mico. El FMI nunca pidi\u00f3 una devaluaci\u00f3n\u201d, dijo Caputo al hablar este mediod\u00eda en un Foro de Inversiones y Negocios en la provincia de Mendoza.<\/p>\n\n\n\n<p>Caputo reiter\u00f3 que el programa incluir\u00e1 fondos frescos para recapitalizar los acttivos del BCRA y que esto \u201cno implica aumento de la deuda bruta\u201d.<\/p>\n\n\n\n<p>Por su parte, el Fondo Monetario Internacional (FMI) aclar\u00f3 este jueves que el acuerdo con la Argentina no depender\u00e1 de la aprobaci\u00f3n del Congreso Nacional y se excus\u00f3 de dar detalles sobre el posible desembolso de fondos frescos.<\/p>\n\n\n\n<p>A trav\u00e9s de la vocera Julie Kozack el organismo afirm\u00f3 que es una decisi\u00f3n local y que depende del gobierno.<\/p>\n\n\n\n<p>\u201cTener el apoyo del Congreso es una decisi\u00f3n de las autoridades tal como lo establece la legislaci\u00f3n interna argentina\u201d, precis\u00f3 la portavoz en una conferencia de prensa que ofreci\u00f3 en Washington.<\/p>\n","protected":false},"excerpt":{"rendered":"<p>El ministro de Econom\u00eda, Luis Caputo, afirm\u00f3 hoy que el Fondo Monetario Internacional (FMI) no&#8230;<\/p>\n","protected":false},"author":2,"featured_media":10144,"comment_status":"open","ping_status":"open","sticky":false,"template":"","format":"standard","meta":{"_jetpack_memberships_contains_paid_content":false,"footnotes":""},"categories":[3],"tags":[184,200,975],"class_list":["post-10143","post","type-post","status-publish","format-standard","has-post-thumbnail","hentry","category-nacion","tag-fmi","tag-javier-milei","tag-luis-caputo"],"jetpack_featured_media_url":"https:\/\/i0.wp.com\/realidadsur.com.ar\/wp-content\/uploads\/2025\/03\/Sede-del-FMI.jpg?fit=275%2C183&ssl=1","jetpack_sharing_enabled":true,"_links":{"self":[{"href":"https:\/\/realidadsur.com.ar\/index.php?rest_route=\/wp\/v2\/posts\/10143","targetHints":{"allow":["GET"]}}],"collection":[{"href":"https:\/\/realidadsur.com.ar\/index.php?rest_route=\/wp\/v2\/posts"}],"about":[{"href":"https:\/\/realidadsur.com.ar\/index.php?rest_route=\/wp\/v2\/types\/post"}],"author":[{"embeddable":true,"href":"https:\/\/realidadsur.com.ar\/index.php?rest_route=\/wp\/v2\/users\/2"}],"replies":[{"embeddable":true,"href":"https:\/\/realidadsur.com.ar\/index.php?rest_route=%2Fwp%2Fv2%2Fcomments&post=10143"}],"version-history":[{"count":1,"href":"https:\/\/realidadsur.com.ar\/index.php?rest_route=\/wp\/v2\/posts\/10143\/revisions"}],"predecessor-version":[{"id":10145,"href":"https:\/\/realidadsur.com.ar\/index.php?rest_route=\/wp\/v2\/posts\/10143\/revisions\/10145"}],"wp:featuredmedia":[{"embeddable":true,"href":"https:\/\/realidadsur.com.ar\/index.php?rest_route=\/wp\/v2\/media\/10144"}],"wp:attachment":[{"href":"https:\/\/realidadsur.com.ar\/index.php?rest_route=%2Fwp%2Fv2%2Fmedia&parent=10143"}],"wp:term":[{"taxonomy":"category","embeddable":true,"href":"https:\/\/realidadsur.com.ar\/index.php?rest_route=%2Fwp%2Fv2%2Fcategories&post=10143"},{"taxonomy":"post_tag","embeddable":true,"href":"https:\/\/realidadsur.com.ar\/index.php?rest_route=%2Fwp%2Fv2%2Ftags&post=10143"}],"curies":[{"name":"wp","href":"https:\/\/api.w.org\/{rel}","templated":true}]}}