{"id":10146,"date":"2025-03-06T15:15:23","date_gmt":"2025-03-06T18:15:23","guid":{"rendered":"https:\/\/realidadsur.com.ar\/?p=10146"},"modified":"2025-03-06T15:15:25","modified_gmt":"2025-03-06T18:15:25","slug":"florencio-varela-un-allanamiento-a-una-seccional-descubrio-a-un-detenido-tomando-mate-con-el-comisario","status":"publish","type":"post","link":"https:\/\/realidadsur.com.ar\/?p=10146","title":{"rendered":"FLORENCIO VARELA: UN ALLANAMIENTO A UNA SECCIONAL DESCUBRI\u00d3 A UN DETENIDO TOMANDO MATE CON EL COMISARIO"},"content":{"rendered":"\n<p>Un allanamiento sorpresivo a la sede de la Comisar\u00eda Tercera de Florencio Varela pudo establecer que un detenido gozaba de permisos especiales dentro de la dependencia.<\/p>\n\n\n\n<p>Lo m\u00e1s ins\u00f3lito es que luego de una denuncia p\u00fablica se encontr\u00f3 a un preso por un caso de gatillo f\u00e1cil tomaba mate con el comisario en su oficina.<\/p>\n\n\n\n<p>El detenido es un ex-polic\u00eda de nombre Marcos Rosseti, quien est\u00e1 siendo investigado por intervenir en una pelea vecinal y disparar con una escopeta contra una mujer de 31 a\u00f1os.<\/p>\n\n\n\n<p>Infosur, medio de Florencio Varela, detall\u00f3 que el hecho trascendi\u00f3 en las \u00faltimas horas, en el marco de una causa por \u201cincumplimiento de los deberes de funcionario p\u00fablico\u201d, investigada por la Fiscal\u00eda N\u00b02 de Florencio Varela.<\/p>\n\n\n\n<p>Seg\u00fan fuentes del caso, Rosseti nunca habr\u00eda permanecido en una celda, pese a estar formalmente detenido en la misma comisar\u00eda donde prestaba servicio antes del ataque a Cabral.<\/p>\n\n\n\n<p>El dato lleg\u00f3 a la Justicia a trav\u00e9s de una denuncia an\u00f3nima, lo que llev\u00f3 a las autoridades a inspeccionar la dependencia policial.<\/p>\n\n\n\n<p>A ra\u00edz de esta irregularidad, Rosseti fue trasladado a la Alcaid\u00eda de Florencio Varela.<\/p>\n\n\n\n<p>En tanto, la Fiscal\u00eda contin\u00faa investigando para determinar qui\u00e9nes dejaron que ocurriera esa situaci\u00f3n y qu\u00e9 sanciones podr\u00edan aplicarse a los implicados.<\/p>\n","protected":false},"excerpt":{"rendered":"<p>Un allanamiento sorpresivo a la sede de la Comisar\u00eda Tercera de Florencio Varela pudo establecer&#8230;<\/p>\n","protected":false},"author":2,"featured_media":10147,"comment_status":"open","ping_status":"open","sticky":false,"template":"","format":"standard","meta":{"_jetpack_memberships_contains_paid_content":false,"footnotes":""},"categories":[7,4],"tags":[26],"class_list":["post-10146","post","type-post","status-publish","format-standard","has-post-thumbnail","hentry","category-florencio-varela","category-provincia","tag-florencio-varela"],"jetpack_featured_media_url":"https:\/\/i0.wp.com\/realidadsur.com.ar\/wp-content\/uploads\/2025\/03\/Sede-seccional-Tercera-de-Varela.jpg?fit=696%2C497&ssl=1","jetpack_sharing_enabled":true,"_links":{"self":[{"href":"https:\/\/realidadsur.com.ar\/index.php?rest_route=\/wp\/v2\/posts\/10146","targetHints":{"allow":["GET"]}}],"collection":[{"href":"https:\/\/realidadsur.com.ar\/index.php?rest_route=\/wp\/v2\/posts"}],"about":[{"href":"https:\/\/realidadsur.com.ar\/index.php?rest_route=\/wp\/v2\/types\/post"}],"author":[{"embeddable":true,"href":"https:\/\/realidadsur.com.ar\/index.php?rest_route=\/wp\/v2\/users\/2"}],"replies":[{"embeddable":true,"href":"https:\/\/realidadsur.com.ar\/index.php?rest_route=%2Fwp%2Fv2%2Fcomments&post=10146"}],"version-history":[{"count":1,"href":"https:\/\/realidadsur.com.ar\/index.php?rest_route=\/wp\/v2\/posts\/10146\/revisions"}],"predecessor-version":[{"id":10148,"href":"https:\/\/realidadsur.com.ar\/index.php?rest_route=\/wp\/v2\/posts\/10146\/revisions\/10148"}],"wp:featuredmedia":[{"embeddable":true,"href":"https:\/\/realidadsur.com.ar\/index.php?rest_route=\/wp\/v2\/media\/10147"}],"wp:attachment":[{"href":"https:\/\/realidadsur.com.ar\/index.php?rest_route=%2Fwp%2Fv2%2Fmedia&parent=10146"}],"wp:term":[{"taxonomy":"category","embeddable":true,"href":"https:\/\/realidadsur.com.ar\/index.php?rest_route=%2Fwp%2Fv2%2Fcategories&post=10146"},{"taxonomy":"post_tag","embeddable":true,"href":"https:\/\/realidadsur.com.ar\/index.php?rest_route=%2Fwp%2Fv2%2Ftags&post=10146"}],"curies":[{"name":"wp","href":"https:\/\/api.w.org\/{rel}","templated":true}]}}