{"id":10264,"date":"2025-03-19T16:07:44","date_gmt":"2025-03-19T19:07:44","guid":{"rendered":"https:\/\/realidadsur.com.ar\/?p=10264"},"modified":"2025-03-19T16:07:45","modified_gmt":"2025-03-19T19:07:45","slug":"el-vaticano-informa-que-el-papa-esta-mejorando","status":"publish","type":"post","link":"https:\/\/realidadsur.com.ar\/?p=10264","title":{"rendered":"EL VATICANO INFORMA QUE EL PAPA EST\u00c1 MEJORANDO"},"content":{"rendered":"\n<p>El Papa Francisco \u201cest\u00e1 mejorando\u201d en el Policl\u00ednico Gemelli de Roma, inform\u00f3 la Oficina de Prensa del Vaticano.<\/p>\n\n\n\n<p>El nuevo parte m\u00e9dico sostuvo que el Sumo Pont\u00edfice, de 88 a\u00f1os, &#8220;suspendi\u00f3 la ventilaci\u00f3n mec\u00e1nica no invasiva&#8221;.<\/p>\n\n\n\n<p>En este sentido, la Oficina de Prensa de la Santa Sede sostuvo, adem\u00e1s, que Francisco tambi\u00e9n redujo la necesidad de oxigenoterapia de alto flujo.<\/p>\n\n\n\n<p>&#8220;Contin\u00faan los progresos de la fisioterapia motora y respiratoria. Esta ma\u00f1ana, en la solemnidad de San Jos\u00e9, el Santo Padre ha concelebrado la Santa Misa&#8221;, indic\u00f3 el escrito.<\/p>\n\n\n\n<p>De esta manera, se mantiene la evoluci\u00f3n favorable de las condiciones cl\u00ednicas de Jorge Bergoglio, quien se encuentra internado desde el 14 de febrero en el Hospital Universitario Policl\u00ednico Agostino Gemelli de la capital italiana como consecuencia de una bronquitis, una neumon\u00eda bilateral y dem\u00e1s inconvenientes respiratorios.<\/p>\n\n\n\n<p>El bolet\u00edn m\u00e9dico difundido en la tarde del martes destac\u00f3 que el ex arzobispo de Buenos Aires se manten\u00eda &#8220;estable&#8221;, mientras que segu\u00eda con &#8220;ligeros progresos respiratorios y motores&#8221;.<\/p>\n\n\n\n<p>El texto publicado en el sitio Vatican News resalt\u00f3 que en la noche del lunes &#8220;no se someti\u00f3 a la ventilaci\u00f3n mec\u00e1nica no invasiva&#8221;, una noticia que debe ser tomada con &#8220;cautela&#8221;, se\u00f1al\u00f3 el Vaticano.<\/p>\n\n\n\n<p>&#8220;Los m\u00e9dicos est\u00e1n disminuyendo gradualmente el uso de ventilaci\u00f3n mec\u00e1nica por la noche y de oxigenaci\u00f3n de alto flujo durante el d\u00eda, procediendo a la administraci\u00f3n ordinaria de ox\u00edgeno a trav\u00e9s de c\u00e1nulas nasales&#8221;, agrega el comunicado.<\/p>\n\n\n\n<p>&#8220;De hecho, se trata de una reducci\u00f3n gradual y no de una interrupci\u00f3n definitiva&#8221;, insisten.<\/p>\n","protected":false},"excerpt":{"rendered":"<p>El Papa Francisco \u201cest\u00e1 mejorando\u201d en el Policl\u00ednico Gemelli de Roma, inform\u00f3 la Oficina de&#8230;<\/p>\n","protected":false},"author":2,"featured_media":10265,"comment_status":"open","ping_status":"open","sticky":false,"template":"","format":"standard","meta":{"_jetpack_memberships_contains_paid_content":false,"footnotes":""},"categories":[8,3],"tags":[112],"class_list":["post-10264","post","type-post","status-publish","format-standard","has-post-thumbnail","hentry","category-interes-general","category-nacion","tag-papa-francisco"],"jetpack_featured_media_url":"https:\/\/i0.wp.com\/realidadsur.com.ar\/wp-content\/uploads\/2025\/03\/480922033_1248260670065665_1068258067675820528_n.jpg?fit=414%2C241&ssl=1","jetpack_sharing_enabled":true,"_links":{"self":[{"href":"https:\/\/realidadsur.com.ar\/index.php?rest_route=\/wp\/v2\/posts\/10264","targetHints":{"allow":["GET"]}}],"collection":[{"href":"https:\/\/realidadsur.com.ar\/index.php?rest_route=\/wp\/v2\/posts"}],"about":[{"href":"https:\/\/realidadsur.com.ar\/index.php?rest_route=\/wp\/v2\/types\/post"}],"author":[{"embeddable":true,"href":"https:\/\/realidadsur.com.ar\/index.php?rest_route=\/wp\/v2\/users\/2"}],"replies":[{"embeddable":true,"href":"https:\/\/realidadsur.com.ar\/index.php?rest_route=%2Fwp%2Fv2%2Fcomments&post=10264"}],"version-history":[{"count":1,"href":"https:\/\/realidadsur.com.ar\/index.php?rest_route=\/wp\/v2\/posts\/10264\/revisions"}],"predecessor-version":[{"id":10266,"href":"https:\/\/realidadsur.com.ar\/index.php?rest_route=\/wp\/v2\/posts\/10264\/revisions\/10266"}],"wp:featuredmedia":[{"embeddable":true,"href":"https:\/\/realidadsur.com.ar\/index.php?rest_route=\/wp\/v2\/media\/10265"}],"wp:attachment":[{"href":"https:\/\/realidadsur.com.ar\/index.php?rest_route=%2Fwp%2Fv2%2Fmedia&parent=10264"}],"wp:term":[{"taxonomy":"category","embeddable":true,"href":"https:\/\/realidadsur.com.ar\/index.php?rest_route=%2Fwp%2Fv2%2Fcategories&post=10264"},{"taxonomy":"post_tag","embeddable":true,"href":"https:\/\/realidadsur.com.ar\/index.php?rest_route=%2Fwp%2Fv2%2Ftags&post=10264"}],"curies":[{"name":"wp","href":"https:\/\/api.w.org\/{rel}","templated":true}]}}