{"id":10354,"date":"2025-03-23T12:27:01","date_gmt":"2025-03-23T15:27:01","guid":{"rendered":"https:\/\/realidadsur.com.ar\/?p=10354"},"modified":"2025-03-23T12:27:03","modified_gmt":"2025-03-23T15:27:03","slug":"berazategui-se-suspendio-la-tercera-vigilia-por-la-memoria-verdad-y-justicia","status":"publish","type":"post","link":"https:\/\/realidadsur.com.ar\/?p=10354","title":{"rendered":"BERAZATEGUI: SE SUSPENDI\u00d3 LA TERCERA VIGILIA POR LA MEMORIA, VERDAD Y JUSTICIA"},"content":{"rendered":"\n<p>Se suspendi\u00f3 por malas condiciones climatol\u00f3gicas el encuentro conmemorativo por el D\u00eda Nacional de la Memoria por la Verdad y la Justicia, que se iba a realizar en el marco del Festival por la Democracia y los Derechos Humanos.<\/p>\n\n\n\n<p>El evento iba a incluir propuestas culturales abiertas y gratuitas para toda la familia; y se suspende en caso de malas condiciones clim\u00e1ticas.<\/p>\n\n\n\n<p>El fin era homenajear a las v\u00edctimas del terrorismo de Estado a 49 a\u00f1os del \u00faltimo golpe c\u00edvico-militar, en un ejercicio de memoria colectiva, en el sitio que las recuerda de manera permanente: el Paseo de la Memoria.<\/p>\n","protected":false},"excerpt":{"rendered":"<p>Se suspendi\u00f3 por malas condiciones climatol\u00f3gicas el encuentro conmemorativo por el D\u00eda Nacional de la&#8230;<\/p>\n","protected":false},"author":2,"featured_media":10355,"comment_status":"open","ping_status":"open","sticky":false,"template":"","format":"standard","meta":{"_jetpack_memberships_contains_paid_content":false,"footnotes":""},"categories":[6],"tags":[11,9],"class_list":["post-10354","post","type-post","status-publish","format-standard","has-post-thumbnail","hentry","category-berazategui","tag-berazategui","tag-juan-jose-mussi"],"jetpack_featured_media_url":"https:\/\/i0.wp.com\/realidadsur.com.ar\/wp-content\/uploads\/2025\/03\/WhatsApp-Image-2025-03-23-at-11.34.46.jpeg?fit=1280%2C1600&ssl=1","jetpack_sharing_enabled":true,"_links":{"self":[{"href":"https:\/\/realidadsur.com.ar\/index.php?rest_route=\/wp\/v2\/posts\/10354","targetHints":{"allow":["GET"]}}],"collection":[{"href":"https:\/\/realidadsur.com.ar\/index.php?rest_route=\/wp\/v2\/posts"}],"about":[{"href":"https:\/\/realidadsur.com.ar\/index.php?rest_route=\/wp\/v2\/types\/post"}],"author":[{"embeddable":true,"href":"https:\/\/realidadsur.com.ar\/index.php?rest_route=\/wp\/v2\/users\/2"}],"replies":[{"embeddable":true,"href":"https:\/\/realidadsur.com.ar\/index.php?rest_route=%2Fwp%2Fv2%2Fcomments&post=10354"}],"version-history":[{"count":1,"href":"https:\/\/realidadsur.com.ar\/index.php?rest_route=\/wp\/v2\/posts\/10354\/revisions"}],"predecessor-version":[{"id":10356,"href":"https:\/\/realidadsur.com.ar\/index.php?rest_route=\/wp\/v2\/posts\/10354\/revisions\/10356"}],"wp:featuredmedia":[{"embeddable":true,"href":"https:\/\/realidadsur.com.ar\/index.php?rest_route=\/wp\/v2\/media\/10355"}],"wp:attachment":[{"href":"https:\/\/realidadsur.com.ar\/index.php?rest_route=%2Fwp%2Fv2%2Fmedia&parent=10354"}],"wp:term":[{"taxonomy":"category","embeddable":true,"href":"https:\/\/realidadsur.com.ar\/index.php?rest_route=%2Fwp%2Fv2%2Fcategories&post=10354"},{"taxonomy":"post_tag","embeddable":true,"href":"https:\/\/realidadsur.com.ar\/index.php?rest_route=%2Fwp%2Fv2%2Ftags&post=10354"}],"curies":[{"name":"wp","href":"https:\/\/api.w.org\/{rel}","templated":true}]}}