{"id":10362,"date":"2025-03-24T14:30:31","date_gmt":"2025-03-24T17:30:31","guid":{"rendered":"https:\/\/realidadsur.com.ar\/?p=10362"},"modified":"2025-03-24T14:30:33","modified_gmt":"2025-03-24T17:30:33","slug":"se-realiza-una-enorme-convocatoria-en-defensa-de-la-memoria-la-verdad-y-la-justicia","status":"publish","type":"post","link":"https:\/\/realidadsur.com.ar\/?p=10362","title":{"rendered":"SE REALIZA UNA ENORME CONVOCATORIA EN DEFENSA DE LA MEMORIA, LA VERDAD Y LA JUSTICIA"},"content":{"rendered":"\n<p><a><\/a>Organismos de Derechos Humanos y agrupaciones de diferentes partidos pol\u00edticos realizan una movilizaci\u00f3n por el D\u00eda de la Memoria, la Verdad y la Justicia en su 49\u00ba aniversario. La convocatoria es bajo las consignas de criticar el negacionismo que promueve el gobierno de Javier Milei y de su vicepresidenta, Victoria Villarruel.<\/p>\n\n\n\n<p>La Mesa de Organismos y el Encuentro Memoria, Verdad y Justicia (EMVJ), que est\u00e1 conformada por distintas organizaciones, montan un acto conjunto, en Plaza de Mayo, que comenzar\u00e1 a las 16hs y donde se leer\u00e1 un documento por las Madres de Plaza de Mayo Elia Espen y Taty Almeida; la referente principal de Abuelas, Estela de Carlotto, y el Nobel de la Paz, Adolfo P\u00e9rez Esquivel.<\/p>\n\n\n\n<p>Asimismo, el Partido Justicialista (PJ) liderado por Cristina Fern\u00e1ndez de Kirchner, public\u00f3 en sus redes sociales que \u201ceste 24 de marzo vamos todos a Plaza de Mayo\u201d en pos de conservar \u201cla Memoria, la Verdad y la Justicia\u201d.<\/p>\n\n\n\n<p>El Frente de Izquierda de los Trabajadores (FIT), en compa\u00f1\u00eda de las agrupaciones que integran el EMVJ, anunciaron que se movilizar\u00e1n, desde el Congreso a Plaza de Mayo, y donde tambi\u00e9n se leer\u00e1 un documento elaborado por \u201corganizaciones independientes\u201d que se oponen \u201cal gobierno liberfacho de Milei\u201d y al r\u00e9gimen que ha gobernado \u201ca la Argentina en estas d\u00e9cadas\u201d.<\/p>\n","protected":false},"excerpt":{"rendered":"<p>Organismos de Derechos Humanos y agrupaciones de diferentes partidos pol\u00edticos realizan una movilizaci\u00f3n por el&#8230;<\/p>\n","protected":false},"author":2,"featured_media":10363,"comment_status":"open","ping_status":"open","sticky":false,"template":"","format":"standard","meta":{"_jetpack_memberships_contains_paid_content":false,"footnotes":""},"categories":[3],"tags":[3336],"class_list":["post-10362","post","type-post","status-publish","format-standard","has-post-thumbnail","hentry","category-nacion","tag-nunca-mas"],"jetpack_featured_media_url":"https:\/\/i0.wp.com\/realidadsur.com.ar\/wp-content\/uploads\/2025\/03\/485877351_10236172328152683_3200194080463837523_n.jpg?fit=720%2C480&ssl=1","jetpack_sharing_enabled":true,"_links":{"self":[{"href":"https:\/\/realidadsur.com.ar\/index.php?rest_route=\/wp\/v2\/posts\/10362","targetHints":{"allow":["GET"]}}],"collection":[{"href":"https:\/\/realidadsur.com.ar\/index.php?rest_route=\/wp\/v2\/posts"}],"about":[{"href":"https:\/\/realidadsur.com.ar\/index.php?rest_route=\/wp\/v2\/types\/post"}],"author":[{"embeddable":true,"href":"https:\/\/realidadsur.com.ar\/index.php?rest_route=\/wp\/v2\/users\/2"}],"replies":[{"embeddable":true,"href":"https:\/\/realidadsur.com.ar\/index.php?rest_route=%2Fwp%2Fv2%2Fcomments&post=10362"}],"version-history":[{"count":1,"href":"https:\/\/realidadsur.com.ar\/index.php?rest_route=\/wp\/v2\/posts\/10362\/revisions"}],"predecessor-version":[{"id":10364,"href":"https:\/\/realidadsur.com.ar\/index.php?rest_route=\/wp\/v2\/posts\/10362\/revisions\/10364"}],"wp:featuredmedia":[{"embeddable":true,"href":"https:\/\/realidadsur.com.ar\/index.php?rest_route=\/wp\/v2\/media\/10363"}],"wp:attachment":[{"href":"https:\/\/realidadsur.com.ar\/index.php?rest_route=%2Fwp%2Fv2%2Fmedia&parent=10362"}],"wp:term":[{"taxonomy":"category","embeddable":true,"href":"https:\/\/realidadsur.com.ar\/index.php?rest_route=%2Fwp%2Fv2%2Fcategories&post=10362"},{"taxonomy":"post_tag","embeddable":true,"href":"https:\/\/realidadsur.com.ar\/index.php?rest_route=%2Fwp%2Fv2%2Ftags&post=10362"}],"curies":[{"name":"wp","href":"https:\/\/api.w.org\/{rel}","templated":true}]}}