{"id":10365,"date":"2025-03-24T14:32:08","date_gmt":"2025-03-24T17:32:08","guid":{"rendered":"https:\/\/realidadsur.com.ar\/?p=10365"},"modified":"2025-03-24T14:32:09","modified_gmt":"2025-03-24T17:32:09","slug":"el-gobierno-anuncio-que-va-a-desclasificar-archivos-de-la-dictadura","status":"publish","type":"post","link":"https:\/\/realidadsur.com.ar\/?p=10365","title":{"rendered":"EL GOBIERNO ANUNCI\u00d3 QUE VA A DESCLASIFICAR ARCHIVOS DE LA DICTADURA"},"content":{"rendered":"\n<p>El Gobierno Nacional anunci\u00f3 la desclasificaci\u00f3n de toda la informaci\u00f3n sobre el accionar de la Dictadura, y la determinaci\u00f3n de declarar delito de lesa humanidad el asesinato de la familia del capit\u00e1n Humberto Viola propiciado por el ERP.<\/p>\n\n\n\n<p>&#8220;El Presidente instruy\u00f3 la desclasificaci\u00f3n total de toda la informaci\u00f3n y documentaci\u00f3n vinculada con el accionar de las fuerzas armadas durante el per\u00edodo de 1976 y 1983. As\u00ed como toda otra documentaci\u00f3n producida en otro per\u00edodo, pero relacionada con el accionar de las fuerzas&#8221;, sostuvo el vocero presidencial, Manuel Adorni, a trav\u00e9s de un mensaje que se grab\u00f3 el pasado viernes en horas de la tarde, y que se difundi\u00f3 a las 11 de este lunes.<\/p>\n\n\n\n<p>Para la administraci\u00f3n libertaria, \u201cestos documentos fueron utilizados como un bot\u00edn de guerra\u201d, por lo que por instrucci\u00f3n del presidente Javier Milei pasar\u00e1n \u201ca estar al servicio de la memoria y no de la manipulaci\u00f3n pol\u00edtica\u201d.<\/p>\n\n\n\n<p>En tanto que, trabajadores del Espacio de Memoria y Derechos Humanos que funciona dentro del ex centro de tortura clandestino de la Escuela de Mec\u00e1nica de la Armada (ESMA), indicaron que la desclasificaci\u00f3n de archivos que dispuso el presidente Javier Milei tiene como objetivo \u201cgarantizar impunidad\u201d a quienes cometieron cr\u00edmenes de lesa humanidad.<\/p>\n\n\n\n<p>Sostuvieron que \u201cno es un debate novedoso el que proponen\u201d desde el Poder Ejecutivo Nacional porque esa idea sobre que \u201cellos respondieron porque la Patria estaba en peligro es un discurso viejo\u201d.<\/p>\n\n\n\n<p>\u201cEl Gobierno Nacional no puede decidir si un crimen es de lesa humanidad o no. Eso est\u00e1 establecido por acuerdos internacionales y, adem\u00e1s, fue rechazado por la Justicia argentina. No todo crimen es un crimen de Estado\u201d, explicaron.<\/p>\n\n\n\n<p>Paralelamente, otro dato que se\u00f1alaron es que, la mayor\u00eda de las personas a las que quisieran juzgar por estos casos de homicidios cometidos por organizaciones populares, \u201cfueron desaparecidos, torturados y asesinados\u201d.<\/p>\n","protected":false},"excerpt":{"rendered":"<p>El Gobierno Nacional anunci\u00f3 la desclasificaci\u00f3n de toda la informaci\u00f3n sobre el accionar de la&#8230;<\/p>\n","protected":false},"author":2,"featured_media":10366,"comment_status":"open","ping_status":"open","sticky":false,"template":"","format":"standard","meta":{"_jetpack_memberships_contains_paid_content":false,"footnotes":""},"categories":[3],"tags":[410,200],"class_list":["post-10365","post","type-post","status-publish","format-standard","has-post-thumbnail","hentry","category-nacion","tag-dictadura","tag-javier-milei"],"jetpack_featured_media_url":"https:\/\/i0.wp.com\/realidadsur.com.ar\/wp-content\/uploads\/2025\/03\/Polemica-iniciativa-de-Milei-en-una-fecha-sensible.jpg?fit=275%2C183&ssl=1","jetpack_sharing_enabled":true,"_links":{"self":[{"href":"https:\/\/realidadsur.com.ar\/index.php?rest_route=\/wp\/v2\/posts\/10365","targetHints":{"allow":["GET"]}}],"collection":[{"href":"https:\/\/realidadsur.com.ar\/index.php?rest_route=\/wp\/v2\/posts"}],"about":[{"href":"https:\/\/realidadsur.com.ar\/index.php?rest_route=\/wp\/v2\/types\/post"}],"author":[{"embeddable":true,"href":"https:\/\/realidadsur.com.ar\/index.php?rest_route=\/wp\/v2\/users\/2"}],"replies":[{"embeddable":true,"href":"https:\/\/realidadsur.com.ar\/index.php?rest_route=%2Fwp%2Fv2%2Fcomments&post=10365"}],"version-history":[{"count":1,"href":"https:\/\/realidadsur.com.ar\/index.php?rest_route=\/wp\/v2\/posts\/10365\/revisions"}],"predecessor-version":[{"id":10367,"href":"https:\/\/realidadsur.com.ar\/index.php?rest_route=\/wp\/v2\/posts\/10365\/revisions\/10367"}],"wp:featuredmedia":[{"embeddable":true,"href":"https:\/\/realidadsur.com.ar\/index.php?rest_route=\/wp\/v2\/media\/10366"}],"wp:attachment":[{"href":"https:\/\/realidadsur.com.ar\/index.php?rest_route=%2Fwp%2Fv2%2Fmedia&parent=10365"}],"wp:term":[{"taxonomy":"category","embeddable":true,"href":"https:\/\/realidadsur.com.ar\/index.php?rest_route=%2Fwp%2Fv2%2Fcategories&post=10365"},{"taxonomy":"post_tag","embeddable":true,"href":"https:\/\/realidadsur.com.ar\/index.php?rest_route=%2Fwp%2Fv2%2Ftags&post=10365"}],"curies":[{"name":"wp","href":"https:\/\/api.w.org\/{rel}","templated":true}]}}