{"id":10393,"date":"2025-03-25T18:53:54","date_gmt":"2025-03-25T21:53:54","guid":{"rendered":"https:\/\/realidadsur.com.ar\/?p=10393"},"modified":"2025-03-25T18:53:56","modified_gmt":"2025-03-25T21:53:56","slug":"murio-el-turco-julian-torturador-condenado-a-perpetua-por-crimenes-durante-la-dictadura-militar","status":"publish","type":"post","link":"https:\/\/realidadsur.com.ar\/?p=10393","title":{"rendered":"MURI\u00d3 &#8220;EL TURCO&#8221; JULI\u00c1N, TORTURADOR CONDENADO A PERPETUA POR CR\u00cdMENES DURANTE LA DICTADURA MILITAR"},"content":{"rendered":"\n<p>Falleci\u00f3 Julio Sim\u00f3n, m\u00e1s conocido como \u2018El Turco Juli\u00e1n\u2019, uno de los polic\u00edas torturadores del centro clandestino de detenci\u00f3n El Olimpo durante la \u00faltima dictadura c\u00edvico \u2013 militar. Fue condenado tres veces por delitos de lesa humanidad y cumpl\u00eda la pena en la Unidad N\u00b0 34 del Servicio Penitenciario Federal, en Campo de Mayo.<\/p>\n\n\n\n<p>Durante el Proceso de Reorganizaci\u00f3n Nacional, comandado por Jorge Rafael Videla, Emilio Masera y Orlando Agosti, tambi\u00e9n estuvo al mando de los grupos de tareas encargados del secuestro y desaparici\u00f3n de personas entre 1976 y 1983.<\/p>\n\n\n\n<p>Luego de que Ra\u00fal Alfons\u00edn llegara a la presidencia y regresara la democracia al pa\u00eds, Sim\u00f3n viaj\u00f3 y permaneci\u00f3 en Brasil, donde desempe\u00f1\u00f3 tareas de vigilador y guardaespaldas de manera privada; volvi\u00f3 a la Argentina cuando se sancionaron las leyes de Punto Final y Obediencia Debida.<\/p>\n\n\n\n<p>Su primera condena fue en 2003, cuando el Congreso Nacional anul\u00f3 dichas leyes que imped\u00edan juzgar a los responsables de cr\u00edmenes de lesa humanidad durante la \u00faltima dictadura. La segunda fue tres a\u00f1os despu\u00e9s, condenado por el Tribunal Oral Federal N\u00b0 5 de la Capital Federal, a 25 a\u00f1os de prisi\u00f3n, por la \u201cdetenci\u00f3n ilegal y torturas\u201d a Jos\u00e9 Poblete y Gertrudis Hlaczik y por la \u201cocultaci\u00f3n\u201d de la hija del matrimonio que, en ese entonces, era una beba de ocho meses.<\/p>\n\n\n\n<p>Por \u00faltimo, fue sentenciado a 23 a\u00f1os de prisi\u00f3n en la causa \u2018Batall\u00f3n 601\u2019, por \u201csecuestros, torturas y desaparici\u00f3n forzada\u201d de personas, entre los a\u00f1os 1979 y 1980.<\/p>\n\n\n\n<p>Era de p\u00fablico conocimiento el uso de esv\u00e1sticas y el pronunciamiento de su antisemitismo, particularmente, cuando torturaba a personas que profesaban el juda\u00edsmo, incluso, el director de cine Jorge Taglioni (secuestrado junto a su mujer embarazada en el a\u00f1o 1978) relat\u00f3 que utilizaba &#8220;bandera nazi&#8221; como brazalete y mostraba \u201cmayor ensa\u00f1amiento\u201d en las torturas a los detenidos jud\u00edos que permanec\u00edan en El Olimpo.<\/p>\n","protected":false},"excerpt":{"rendered":"<p>Falleci\u00f3 Julio Sim\u00f3n, m\u00e1s conocido como \u2018El Turco Juli\u00e1n\u2019, uno de los polic\u00edas torturadores del&#8230;<\/p>\n","protected":false},"author":2,"featured_media":10394,"comment_status":"open","ping_status":"open","sticky":false,"template":"","format":"standard","meta":{"_jetpack_memberships_contains_paid_content":false,"footnotes":""},"categories":[3],"tags":[3347,3343,3342,3344,3346,3345],"class_list":["post-10393","post","type-post","status-publish","format-standard","has-post-thumbnail","hentry","category-nacion","tag-dictadura-civica-militar","tag-emilio-masera","tag-jorge-rafael-videla","tag-orlando-agosti","tag-represor","tag-turco-julian"],"jetpack_featured_media_url":"https:\/\/i0.wp.com\/realidadsur.com.ar\/wp-content\/uploads\/2025\/03\/720.jpeg?fit=883%2C720&ssl=1","jetpack_sharing_enabled":true,"_links":{"self":[{"href":"https:\/\/realidadsur.com.ar\/index.php?rest_route=\/wp\/v2\/posts\/10393","targetHints":{"allow":["GET"]}}],"collection":[{"href":"https:\/\/realidadsur.com.ar\/index.php?rest_route=\/wp\/v2\/posts"}],"about":[{"href":"https:\/\/realidadsur.com.ar\/index.php?rest_route=\/wp\/v2\/types\/post"}],"author":[{"embeddable":true,"href":"https:\/\/realidadsur.com.ar\/index.php?rest_route=\/wp\/v2\/users\/2"}],"replies":[{"embeddable":true,"href":"https:\/\/realidadsur.com.ar\/index.php?rest_route=%2Fwp%2Fv2%2Fcomments&post=10393"}],"version-history":[{"count":1,"href":"https:\/\/realidadsur.com.ar\/index.php?rest_route=\/wp\/v2\/posts\/10393\/revisions"}],"predecessor-version":[{"id":10395,"href":"https:\/\/realidadsur.com.ar\/index.php?rest_route=\/wp\/v2\/posts\/10393\/revisions\/10395"}],"wp:featuredmedia":[{"embeddable":true,"href":"https:\/\/realidadsur.com.ar\/index.php?rest_route=\/wp\/v2\/media\/10394"}],"wp:attachment":[{"href":"https:\/\/realidadsur.com.ar\/index.php?rest_route=%2Fwp%2Fv2%2Fmedia&parent=10393"}],"wp:term":[{"taxonomy":"category","embeddable":true,"href":"https:\/\/realidadsur.com.ar\/index.php?rest_route=%2Fwp%2Fv2%2Fcategories&post=10393"},{"taxonomy":"post_tag","embeddable":true,"href":"https:\/\/realidadsur.com.ar\/index.php?rest_route=%2Fwp%2Fv2%2Ftags&post=10393"}],"curies":[{"name":"wp","href":"https:\/\/api.w.org\/{rel}","templated":true}]}}