{"id":10482,"date":"2025-03-29T21:39:25","date_gmt":"2025-03-30T00:39:25","guid":{"rendered":"https:\/\/realidadsur.com.ar\/?p=10482"},"modified":"2025-03-29T21:39:26","modified_gmt":"2025-03-30T00:39:26","slug":"luciana-salazar-dice-que-para-redrado-los-chicos-son-descartables","status":"publish","type":"post","link":"https:\/\/realidadsur.com.ar\/?p=10482","title":{"rendered":"LUCIANA SALAZAR DICE QUE PARA REDRADO LOS CHICOS SON DESCARTABLES"},"content":{"rendered":"\n<p>La modelo Luciana Salazar le reclama a Mart\u00edn Redrado la manutenci\u00f3n y el reconocimiento de su hija. Mientras el economista niega la paternidad de la menor que fue concebida por un procedimiento de vientre subrogado, la modelo insiste en la existencia de un documento que lo comprometer\u00eda.<\/p>\n\n\n\n<p>En este sentido, \u201cLuli\u201d contin\u00faa firme a sus postura y sostiene: \u201c\u00c9l dej\u00f3 de ver a Matilda desde los tres a\u00f1os y ya est\u00e1bamos separados. Despu\u00e9s hubo un intento de volver en el 2021 cuando tuvimos un viaje a Miami y no funcion\u00f3\u201d.<\/p>\n\n\n\n<p>\u201cEn todo ese inter\u00edn, hasta los tres a\u00f1os de Matilda, \u00e9l la vio. El ten\u00eda un v\u00ednculo, era un padre, un padre oculto porque era todo entre cuatro paredes. Cuando sal\u00eda una foto nuestra, que nos escracharon, la dej\u00f3 de ver por tres meses porque tuvo un problema terrible en la familia\u201d, continu\u00f3 la modelo.<\/p>\n\n\n\n<p>Adem\u00e1s, Salazar se\u00f1al\u00f3 la insistencia del economista: \u201cDespu\u00e9s volv\u00eda y me dec\u00eda \u2018bueno, dame un tiempo m\u00e1s hasta que se me resuelva todo\u2019. Lo que pasa, es que una ni\u00f1a no es un envase descartable, vos no pod\u00e9s venir y verla cuando se te canta, tiene sentimientos. Para este hombre, los chicos son descartables\u201d.<\/p>\n\n\n\n<p>\u201cFue el tema de un tipo cobarde que nunca tuvo los que tiene que tener para decirle a su entorno \u2018Esta fue mi decisi\u00f3n, yo me compromet\u00ed con esto y lo tengo que cumplir, les guste o no\u2019\u201d, concluy\u00f3 la modelo.<\/p>\n","protected":false},"excerpt":{"rendered":"<p>La modelo Luciana Salazar le reclama a Mart\u00edn Redrado la manutenci\u00f3n y el reconocimiento de&#8230;<\/p>\n","protected":false},"author":2,"featured_media":10483,"comment_status":"open","ping_status":"open","sticky":false,"template":"","format":"standard","meta":{"_jetpack_memberships_contains_paid_content":false,"footnotes":""},"categories":[8],"tags":[3358,3359],"class_list":["post-10482","post","type-post","status-publish","format-standard","has-post-thumbnail","hentry","category-interes-general","tag-luciana-salazar","tag-martin-redrado"],"jetpack_featured_media_url":"https:\/\/i0.wp.com\/realidadsur.com.ar\/wp-content\/uploads\/2025\/03\/Salazar-y-su-hija-Matilda.jpg?fit=1079%2C1593&ssl=1","jetpack_sharing_enabled":true,"_links":{"self":[{"href":"https:\/\/realidadsur.com.ar\/index.php?rest_route=\/wp\/v2\/posts\/10482","targetHints":{"allow":["GET"]}}],"collection":[{"href":"https:\/\/realidadsur.com.ar\/index.php?rest_route=\/wp\/v2\/posts"}],"about":[{"href":"https:\/\/realidadsur.com.ar\/index.php?rest_route=\/wp\/v2\/types\/post"}],"author":[{"embeddable":true,"href":"https:\/\/realidadsur.com.ar\/index.php?rest_route=\/wp\/v2\/users\/2"}],"replies":[{"embeddable":true,"href":"https:\/\/realidadsur.com.ar\/index.php?rest_route=%2Fwp%2Fv2%2Fcomments&post=10482"}],"version-history":[{"count":1,"href":"https:\/\/realidadsur.com.ar\/index.php?rest_route=\/wp\/v2\/posts\/10482\/revisions"}],"predecessor-version":[{"id":10484,"href":"https:\/\/realidadsur.com.ar\/index.php?rest_route=\/wp\/v2\/posts\/10482\/revisions\/10484"}],"wp:featuredmedia":[{"embeddable":true,"href":"https:\/\/realidadsur.com.ar\/index.php?rest_route=\/wp\/v2\/media\/10483"}],"wp:attachment":[{"href":"https:\/\/realidadsur.com.ar\/index.php?rest_route=%2Fwp%2Fv2%2Fmedia&parent=10482"}],"wp:term":[{"taxonomy":"category","embeddable":true,"href":"https:\/\/realidadsur.com.ar\/index.php?rest_route=%2Fwp%2Fv2%2Fcategories&post=10482"},{"taxonomy":"post_tag","embeddable":true,"href":"https:\/\/realidadsur.com.ar\/index.php?rest_route=%2Fwp%2Fv2%2Ftags&post=10482"}],"curies":[{"name":"wp","href":"https:\/\/api.w.org\/{rel}","templated":true}]}}