{"id":10496,"date":"2025-03-30T20:37:49","date_gmt":"2025-03-30T23:37:49","guid":{"rendered":"https:\/\/realidadsur.com.ar\/?p=10496"},"modified":"2025-03-30T20:37:53","modified_gmt":"2025-03-30T23:37:53","slug":"la-casa-de-la-estacion-recibio-el-otono-con-actividades-para-las-chicos","status":"publish","type":"post","link":"https:\/\/realidadsur.com.ar\/?p=10496","title":{"rendered":"LA CASA DE LA ESTACI\u00d3N RECIBI\u00d3 EL OTO\u00d1O CON ACTIVIDADES PARA LAS CHICOS"},"content":{"rendered":"\n<p>Lleg\u00f3 el oto\u00f1o y las actividades para los m\u00e1s chicos en el Complejo Cultural Municipal La Casa de la Estaci\u00f3n, de Ranelagh, no paran. Como cada fin de semana, contin\u00faa abriendo sus puertas con entrada libre y gratuita. El s\u00e1bado 22 de marzo se realiz\u00f3 el Taller Movimiento creativo, a cargo de Elizabeth Yakimczuk; y el domingo 23, el Taller M\u00e1quinas in\u00fatiles, a cargo de Julio Calvo.<\/p>\n\n\n\n<p>\u201cTenemos juegos, talleres y actividades que van cambiando todas las semanas, aprovechando tanto el espacio de afuera como las instalaciones de la Casa. Tambi\u00e9n tenemos una sala para primeras infancias. Los esperamos para que vengan y disfruten\u201d, se\u00f1al\u00f3 Ana Cozzi, integrante del equipo de La Casa de la Estaci\u00f3n.<\/p>\n\n\n\n<p>El Complejo Cultural Municipal La Casa de la Estaci\u00f3n es una propuesta destinada a las infancias, impulsada por la gesti\u00f3n del intendente Juan Jos\u00e9 Mussi y desarrollada por la Secretar\u00eda de Cultura. Ubicado en Ranelagh (Av. Sabin entre 362 y 363), abre los s\u00e1bados y domingos de 16.00 a 19.30 -a partir de abril-. Para conocer la agenda, se puede ingresar en berazategui.gob.ar\/cultura\/agenda.<\/p>\n","protected":false},"excerpt":{"rendered":"<p>Lleg\u00f3 el oto\u00f1o y las actividades para los m\u00e1s chicos en el Complejo Cultural Municipal&#8230;<\/p>\n","protected":false},"author":2,"featured_media":10497,"comment_status":"open","ping_status":"open","sticky":false,"template":"","format":"standard","meta":{"_jetpack_memberships_contains_paid_content":false,"footnotes":""},"categories":[6],"tags":[11,47,9],"class_list":["post-10496","post","type-post","status-publish","format-standard","has-post-thumbnail","hentry","category-berazategui","tag-berazategui","tag-federico-lopez","tag-juan-jose-mussi"],"jetpack_featured_media_url":"https:\/\/i0.wp.com\/realidadsur.com.ar\/wp-content\/uploads\/2025\/03\/LA-CASA-DE-LA-ESTACION-RECIBIO-EL-OTONO-CON-ACTIVIDADES-PARA-LAS-INFANCIAS-4.jpg?fit=1920%2C1280&ssl=1","jetpack_sharing_enabled":true,"_links":{"self":[{"href":"https:\/\/realidadsur.com.ar\/index.php?rest_route=\/wp\/v2\/posts\/10496","targetHints":{"allow":["GET"]}}],"collection":[{"href":"https:\/\/realidadsur.com.ar\/index.php?rest_route=\/wp\/v2\/posts"}],"about":[{"href":"https:\/\/realidadsur.com.ar\/index.php?rest_route=\/wp\/v2\/types\/post"}],"author":[{"embeddable":true,"href":"https:\/\/realidadsur.com.ar\/index.php?rest_route=\/wp\/v2\/users\/2"}],"replies":[{"embeddable":true,"href":"https:\/\/realidadsur.com.ar\/index.php?rest_route=%2Fwp%2Fv2%2Fcomments&post=10496"}],"version-history":[{"count":1,"href":"https:\/\/realidadsur.com.ar\/index.php?rest_route=\/wp\/v2\/posts\/10496\/revisions"}],"predecessor-version":[{"id":10498,"href":"https:\/\/realidadsur.com.ar\/index.php?rest_route=\/wp\/v2\/posts\/10496\/revisions\/10498"}],"wp:featuredmedia":[{"embeddable":true,"href":"https:\/\/realidadsur.com.ar\/index.php?rest_route=\/wp\/v2\/media\/10497"}],"wp:attachment":[{"href":"https:\/\/realidadsur.com.ar\/index.php?rest_route=%2Fwp%2Fv2%2Fmedia&parent=10496"}],"wp:term":[{"taxonomy":"category","embeddable":true,"href":"https:\/\/realidadsur.com.ar\/index.php?rest_route=%2Fwp%2Fv2%2Fcategories&post=10496"},{"taxonomy":"post_tag","embeddable":true,"href":"https:\/\/realidadsur.com.ar\/index.php?rest_route=%2Fwp%2Fv2%2Ftags&post=10496"}],"curies":[{"name":"wp","href":"https:\/\/api.w.org\/{rel}","templated":true}]}}