{"id":10549,"date":"2025-04-02T19:53:30","date_gmt":"2025-04-02T22:53:30","guid":{"rendered":"https:\/\/realidadsur.com.ar\/?p=10549"},"modified":"2025-04-02T19:53:32","modified_gmt":"2025-04-02T22:53:32","slug":"conmocion-en-quilmes-un-nene-mato-a-su-padrastro-porque-le-pagaba-a-su-mama","status":"publish","type":"post","link":"https:\/\/realidadsur.com.ar\/?p=10549","title":{"rendered":"CONMOCI\u00d3N EN QUILMES: UN NENE MAT\u00d3 A SU PADRASTRO PORQUE LE PAGABA A SU MAM\u00c1"},"content":{"rendered":"\n<p>Un ni\u00f1o de 12 a\u00f1os asesin\u00f3 con un cuchillo a su padrastro para defender a su madre de un episodio de violencia de g\u00e9nero, en San Francisco Solano.<\/p>\n\n\n\n<p>Presuntamente, el hombre golpeaba brutalmente a su mujer en una vivienda del barrio Los Eucaliptos, situada en las calles 868 y 899, hasta que el menor tom\u00f3 un arma blanca y atac\u00f3 al agresor, a quien le asest\u00f3 pu\u00f1aladas hasta matarlo.<\/p>\n\n\n\n<p>Personal del SAME concurri\u00f3 al lugar y el personal de salud constat\u00f3 que el victimario de 37 a\u00f1os falleci\u00f3.<\/p>\n\n\n\n<p>Interviene en el caso la Justicia de Responsabilidad Penal Juvenil de Quilmes, la cual indic\u00f3 que hubo antecedentes de violencia familiar, al tiempo que el atacante era adicto.<\/p>\n\n\n\n<p>Por su parte, el secretario de Seguridad del Municipio, Gaspar Dest\u00e9fano, y la fiscal del Fuero Penal Juvenil, Mar\u00eda Laura Botasso, concurrieron a la escena del crimen.<\/p>\n","protected":false},"excerpt":{"rendered":"<p>Un ni\u00f1o de 12 a\u00f1os asesin\u00f3 con un cuchillo a su padrastro para defender a&#8230;<\/p>\n","protected":false},"author":2,"featured_media":10550,"comment_status":"open","ping_status":"open","sticky":false,"template":"","format":"standard","meta":{"_jetpack_memberships_contains_paid_content":false,"footnotes":""},"categories":[5],"tags":[14],"class_list":["post-10549","post","type-post","status-publish","format-standard","has-post-thumbnail","hentry","category-quilmes","tag-quilmes"],"jetpack_featured_media_url":"https:\/\/i0.wp.com\/realidadsur.com.ar\/wp-content\/uploads\/2025\/04\/Conmocion-en-Quilmes.webp?fit=1280%2C640&ssl=1","jetpack_sharing_enabled":true,"_links":{"self":[{"href":"https:\/\/realidadsur.com.ar\/index.php?rest_route=\/wp\/v2\/posts\/10549","targetHints":{"allow":["GET"]}}],"collection":[{"href":"https:\/\/realidadsur.com.ar\/index.php?rest_route=\/wp\/v2\/posts"}],"about":[{"href":"https:\/\/realidadsur.com.ar\/index.php?rest_route=\/wp\/v2\/types\/post"}],"author":[{"embeddable":true,"href":"https:\/\/realidadsur.com.ar\/index.php?rest_route=\/wp\/v2\/users\/2"}],"replies":[{"embeddable":true,"href":"https:\/\/realidadsur.com.ar\/index.php?rest_route=%2Fwp%2Fv2%2Fcomments&post=10549"}],"version-history":[{"count":1,"href":"https:\/\/realidadsur.com.ar\/index.php?rest_route=\/wp\/v2\/posts\/10549\/revisions"}],"predecessor-version":[{"id":10551,"href":"https:\/\/realidadsur.com.ar\/index.php?rest_route=\/wp\/v2\/posts\/10549\/revisions\/10551"}],"wp:featuredmedia":[{"embeddable":true,"href":"https:\/\/realidadsur.com.ar\/index.php?rest_route=\/wp\/v2\/media\/10550"}],"wp:attachment":[{"href":"https:\/\/realidadsur.com.ar\/index.php?rest_route=%2Fwp%2Fv2%2Fmedia&parent=10549"}],"wp:term":[{"taxonomy":"category","embeddable":true,"href":"https:\/\/realidadsur.com.ar\/index.php?rest_route=%2Fwp%2Fv2%2Fcategories&post=10549"},{"taxonomy":"post_tag","embeddable":true,"href":"https:\/\/realidadsur.com.ar\/index.php?rest_route=%2Fwp%2Fv2%2Ftags&post=10549"}],"curies":[{"name":"wp","href":"https:\/\/api.w.org\/{rel}","templated":true}]}}