{"id":10553,"date":"2025-04-03T13:31:52","date_gmt":"2025-04-03T16:31:52","guid":{"rendered":"https:\/\/realidadsur.com.ar\/?p=10553"},"modified":"2025-04-03T13:31:52","modified_gmt":"2025-04-03T16:31:52","slug":"traicion-a-la-patria-veteranos-de-malvinas-denunciaran-a-milei","status":"publish","type":"post","link":"https:\/\/realidadsur.com.ar\/?p=10553","title":{"rendered":"TRAICI\u00d3N A LA PATRIA: VETERANOS DE MALVINAS DENUNCIAR\u00c1N A MILEI"},"content":{"rendered":"\n<p>El abogado y ex ministro de Seguridad, An\u00edbal Fern\u00e1ndez, afirm\u00f3 que ex combatientes de Malvinas denunciar\u00e1n al presidente Javier Milei &#8220;por traici\u00f3n a la Patria\u201d, luego del discurso que dio ayer el mandatario en el marco del \u2018D\u00eda del Veterano y los Ca\u00eddos en la Guerra de Malvinas\u2019.<\/p>\n\n\n\n<p>La Confederaci\u00f3n de Combatientes de Malvinas de la Rep\u00fablica Argentina, entidad que llevar\u00e1 a cabo la denuncia, fundament\u00f3 su acusaci\u00f3n en el discurso que dio ayer el Presidente de la Naci\u00f3n, porque contradice los t\u00e9rminos de la Disposici\u00f3n Transitoria Primera de la Constituci\u00f3n Nacional Argentina.<\/p>\n","protected":false},"excerpt":{"rendered":"<p>El abogado y ex ministro de Seguridad, An\u00edbal Fern\u00e1ndez, afirm\u00f3 que ex combatientes de Malvinas&#8230;<\/p>\n","protected":false},"author":2,"featured_media":10554,"comment_status":"open","ping_status":"open","sticky":false,"template":"","format":"standard","meta":{"_jetpack_memberships_contains_paid_content":false,"footnotes":""},"categories":[3],"tags":[200,3369,3368],"class_list":["post-10553","post","type-post","status-publish","format-standard","has-post-thumbnail","hentry","category-nacion","tag-javier-milei","tag-traicion-a-la-patria","tag-veteranos-de-mavinas"],"jetpack_featured_media_url":"https:\/\/i0.wp.com\/realidadsur.com.ar\/wp-content\/uploads\/2025\/04\/475451633_1055121273326884_2731977167414382885_n-e1743697872876.jpg?fit=352%2C199&ssl=1","jetpack_sharing_enabled":true,"_links":{"self":[{"href":"https:\/\/realidadsur.com.ar\/index.php?rest_route=\/wp\/v2\/posts\/10553","targetHints":{"allow":["GET"]}}],"collection":[{"href":"https:\/\/realidadsur.com.ar\/index.php?rest_route=\/wp\/v2\/posts"}],"about":[{"href":"https:\/\/realidadsur.com.ar\/index.php?rest_route=\/wp\/v2\/types\/post"}],"author":[{"embeddable":true,"href":"https:\/\/realidadsur.com.ar\/index.php?rest_route=\/wp\/v2\/users\/2"}],"replies":[{"embeddable":true,"href":"https:\/\/realidadsur.com.ar\/index.php?rest_route=%2Fwp%2Fv2%2Fcomments&post=10553"}],"version-history":[{"count":1,"href":"https:\/\/realidadsur.com.ar\/index.php?rest_route=\/wp\/v2\/posts\/10553\/revisions"}],"predecessor-version":[{"id":10555,"href":"https:\/\/realidadsur.com.ar\/index.php?rest_route=\/wp\/v2\/posts\/10553\/revisions\/10555"}],"wp:featuredmedia":[{"embeddable":true,"href":"https:\/\/realidadsur.com.ar\/index.php?rest_route=\/wp\/v2\/media\/10554"}],"wp:attachment":[{"href":"https:\/\/realidadsur.com.ar\/index.php?rest_route=%2Fwp%2Fv2%2Fmedia&parent=10553"}],"wp:term":[{"taxonomy":"category","embeddable":true,"href":"https:\/\/realidadsur.com.ar\/index.php?rest_route=%2Fwp%2Fv2%2Fcategories&post=10553"},{"taxonomy":"post_tag","embeddable":true,"href":"https:\/\/realidadsur.com.ar\/index.php?rest_route=%2Fwp%2Fv2%2Ftags&post=10553"}],"curies":[{"name":"wp","href":"https:\/\/api.w.org\/{rel}","templated":true}]}}