{"id":10572,"date":"2025-04-04T15:29:59","date_gmt":"2025-04-04T18:29:59","guid":{"rendered":"https:\/\/realidadsur.com.ar\/?p=10572"},"modified":"2025-04-04T15:30:00","modified_gmt":"2025-04-04T18:30:00","slug":"mejora-la-salud-del-papa-francisco-y-reapareceria-en-publico","status":"publish","type":"post","link":"https:\/\/realidadsur.com.ar\/?p=10572","title":{"rendered":"MEJORA LA SALUD DEL PAPA FRANCISCO Y REAPARECER\u00cdA EN P\u00daBLICO"},"content":{"rendered":"\n<p>El servicio de prensa del Vaticano inform\u00f3 que &#8220;la situaci\u00f3n del Papa presenta nuevas ligeras mejoras en cuanto a respiraci\u00f3n, motricidad y uso de la voz&#8221;.<\/p>\n\n\n\n<p>Los resultados de los an\u00e1lisis de sangre que se le practicaron tambi\u00e9n fueron positivos, difundi\u00f3 el Vaticano.<\/p>\n\n\n\n<p>Anteriormente, los m\u00e9dicos hab\u00edan advertido que se necesitar\u00eda tiempo para que el papa argentino recupere el pleno uso de su voz debido al da\u00f1o en los m\u00fasculos respiratorios tras la neumon\u00eda bilateral, que puso en peligro su vida en dos ocasiones.<\/p>\n\n\n\n<p>Francisco no apareci\u00f3 en p\u00fablico desde su regreso al Vaticano el \u00faltimo domingo 23 de marzo, despu\u00e9s de m\u00e1s de cinco semanas de hospitalizaci\u00f3n en el hospital Gemelli de Roma.<\/p>\n\n\n\n<p>Aunque sigue convaleciente, el servicio de prensa sugiri\u00f3 que podr\u00eda hacer una aparici\u00f3n durante la tradicional oraci\u00f3n dominical del \u00c1ngelus pero en una &#8220;modalidad diferente&#8221;.<\/p>\n\n\n\n<p>A prop\u00f3sito, el \u00faltimo \u00c1ngelus p\u00fablico del Papa fue el 9 de febrero cuando se difundi\u00f3 una versi\u00f3n escrita, record\u00f3 este viernes el sitio RFI.<\/p>\n\n\n\n<p>Seg\u00fan el Vaticano, el papa, que se encuentra &#8220;de buen \u00e1nimo&#8221; y &#8220;contin\u00faa trabajando&#8221;, sigui\u00f3 este viernes una ceremonia religiosa de Cuaresma celebrada en la sala Pablo VI del Vaticano por videoconferencia.<\/p>\n\n\n\n<p>El mi\u00e9rcoles sigui\u00f3 tambi\u00e9n de la misma manera la misa celebrada con motivo del 20 aniversario de la muerte de Juan Pablo II.<\/p>\n","protected":false},"excerpt":{"rendered":"<p>El servicio de prensa del Vaticano inform\u00f3 que &#8220;la situaci\u00f3n del Papa presenta nuevas ligeras&#8230;<\/p>\n","protected":false},"author":2,"featured_media":10265,"comment_status":"open","ping_status":"open","sticky":false,"template":"","format":"standard","meta":{"_jetpack_memberships_contains_paid_content":false,"footnotes":""},"categories":[8,3],"tags":[112],"class_list":["post-10572","post","type-post","status-publish","format-standard","has-post-thumbnail","hentry","category-interes-general","category-nacion","tag-papa-francisco"],"jetpack_featured_media_url":"https:\/\/i0.wp.com\/realidadsur.com.ar\/wp-content\/uploads\/2025\/03\/480922033_1248260670065665_1068258067675820528_n.jpg?fit=414%2C241&ssl=1","jetpack_sharing_enabled":true,"_links":{"self":[{"href":"https:\/\/realidadsur.com.ar\/index.php?rest_route=\/wp\/v2\/posts\/10572","targetHints":{"allow":["GET"]}}],"collection":[{"href":"https:\/\/realidadsur.com.ar\/index.php?rest_route=\/wp\/v2\/posts"}],"about":[{"href":"https:\/\/realidadsur.com.ar\/index.php?rest_route=\/wp\/v2\/types\/post"}],"author":[{"embeddable":true,"href":"https:\/\/realidadsur.com.ar\/index.php?rest_route=\/wp\/v2\/users\/2"}],"replies":[{"embeddable":true,"href":"https:\/\/realidadsur.com.ar\/index.php?rest_route=%2Fwp%2Fv2%2Fcomments&post=10572"}],"version-history":[{"count":1,"href":"https:\/\/realidadsur.com.ar\/index.php?rest_route=\/wp\/v2\/posts\/10572\/revisions"}],"predecessor-version":[{"id":10573,"href":"https:\/\/realidadsur.com.ar\/index.php?rest_route=\/wp\/v2\/posts\/10572\/revisions\/10573"}],"wp:featuredmedia":[{"embeddable":true,"href":"https:\/\/realidadsur.com.ar\/index.php?rest_route=\/wp\/v2\/media\/10265"}],"wp:attachment":[{"href":"https:\/\/realidadsur.com.ar\/index.php?rest_route=%2Fwp%2Fv2%2Fmedia&parent=10572"}],"wp:term":[{"taxonomy":"category","embeddable":true,"href":"https:\/\/realidadsur.com.ar\/index.php?rest_route=%2Fwp%2Fv2%2Fcategories&post=10572"},{"taxonomy":"post_tag","embeddable":true,"href":"https:\/\/realidadsur.com.ar\/index.php?rest_route=%2Fwp%2Fv2%2Ftags&post=10572"}],"curies":[{"name":"wp","href":"https:\/\/api.w.org\/{rel}","templated":true}]}}