{"id":10574,"date":"2025-04-04T15:37:41","date_gmt":"2025-04-04T18:37:41","guid":{"rendered":"https:\/\/realidadsur.com.ar\/?p=10574"},"modified":"2025-04-04T15:37:43","modified_gmt":"2025-04-04T18:37:43","slug":"dia-mundial-de-concientizacion-sobre-el-autismo-berazategui-se-ilumino-de-azul","status":"publish","type":"post","link":"https:\/\/realidadsur.com.ar\/?p=10574","title":{"rendered":"D\u00cdA MUNDIAL DE CONCIENTIZACI\u00d3N SOBRE EL AUTISMO: BERAZATEGUI SE ILUMIN\u00d3 DE AZUL"},"content":{"rendered":"\n<p>En conmemoraci\u00f3n del D\u00eda Mundial de Concienciaci\u00f3n sobre el Autismo, Berazategui ilumin\u00f3 de azul (s\u00edmbolo de los Trastornos del Espectro Autista) algunos espacios emblem\u00e1ticos de la ciudad, como la bajada de la Autopista Buenos Aires &#8211; La Plata, el ingreso al distrito por Av. Mitre y Av. Varela, el Complejo Cultural Municipal La Humanitaria, el Centro Municipal de Actividades Roberto De Vicenzo, la Costa de Hudson y el Monumento a la Estrella Federal. De esta manera, la Municipalidad refuerza la concientizaci\u00f3n y sensibilizaci\u00f3n sobre el Autismo.<\/p>\n\n\n\n<p>Por gesti\u00f3n del intendente Juan Jos\u00e9 Mussi, el Municipio promueve pol\u00edticas inclusivas como el uso de pictogramas en \u00e1reas municipales; adem\u00e1s de la generaci\u00f3n de espacios por parte de las Secretar\u00edas de Desarrollo Social, Recreaci\u00f3n, Turismo y Deportes -mediante actividades deportivas y recreativas-; y de Cultura y Educaci\u00f3n. Asimismo, se destaca por ser impulsor de la Ley provincial 14.651, que estipula la importancia de la visibilizaci\u00f3n y detecci\u00f3n temprana del TGD-TEA. Brinda un abordaje integral de los Trastornos del Espectro Autista (TEA), disponiendo al alcance de los vecinos y vecinas que lo requieran, diferentes dispositivos para concientizar, detectar tempranamente, sensibilizar, contener, orientar y acompa\u00f1ar -a trav\u00e9s de la Secretar\u00eda de Salud P\u00fablica e Higiene municipal-, ya que el diagn\u00f3stico temprano es de vital importancia.<\/p>\n\n\n\n<p>Las manifestaciones de esta condici\u00f3n en ni\u00f1os o ni\u00f1as pueden incluir: poco contacto visual, no responder cuando lo llaman por su nombre, no balbucear ni se\u00f1alar, no utilizar gestos ni palabras, evitar jugar con otros ni\u00f1os o ni\u00f1as, demostrar no comprender lo que le dicen, repetir palabras o frases muchas veces, tener reacciones inesperadas frente a peque\u00f1os cambios de rutina o mostrar intereses repetitivos. Ante estas conductas, es importante consultar con un profesional. Para ello, los vecinos pueden acercarse al Centro Municipal de Salud Mental Dr. Ram\u00f3n Carrillo (Av. 14 y 131), de lunes a viernes de 13.00 a 14.00 y a los Centros de Atenci\u00f3n Primaria de Salud (CAPS), personalmente o por tel\u00e9fono. En <a href=\"berazategui.gob.ar\/salud\">berazategui.gob.ar\/salud<\/a> se puede conocer cu\u00e1les son.<\/p>\n","protected":false},"excerpt":{"rendered":"<p>En conmemoraci\u00f3n del D\u00eda Mundial de Concienciaci\u00f3n sobre el Autismo, Berazategui ilumin\u00f3 de azul (s\u00edmbolo&#8230;<\/p>\n","protected":false},"author":2,"featured_media":10575,"comment_status":"open","ping_status":"open","sticky":false,"template":"","format":"standard","meta":{"_jetpack_memberships_contains_paid_content":false,"footnotes":""},"categories":[6],"tags":[11,9],"class_list":["post-10574","post","type-post","status-publish","format-standard","has-post-thumbnail","hentry","category-berazategui","tag-berazategui","tag-juan-jose-mussi"],"jetpack_featured_media_url":"https:\/\/i0.wp.com\/realidadsur.com.ar\/wp-content\/uploads\/2025\/04\/DIA-MUNDIAL-DE-CONCIENTIZACION-SOBRE-EL-AUTISMO-BERAZATEGUI-SE-ILUMINO-DE-AZUL-4.jpeg?fit=1600%2C1066&ssl=1","jetpack_sharing_enabled":true,"_links":{"self":[{"href":"https:\/\/realidadsur.com.ar\/index.php?rest_route=\/wp\/v2\/posts\/10574","targetHints":{"allow":["GET"]}}],"collection":[{"href":"https:\/\/realidadsur.com.ar\/index.php?rest_route=\/wp\/v2\/posts"}],"about":[{"href":"https:\/\/realidadsur.com.ar\/index.php?rest_route=\/wp\/v2\/types\/post"}],"author":[{"embeddable":true,"href":"https:\/\/realidadsur.com.ar\/index.php?rest_route=\/wp\/v2\/users\/2"}],"replies":[{"embeddable":true,"href":"https:\/\/realidadsur.com.ar\/index.php?rest_route=%2Fwp%2Fv2%2Fcomments&post=10574"}],"version-history":[{"count":1,"href":"https:\/\/realidadsur.com.ar\/index.php?rest_route=\/wp\/v2\/posts\/10574\/revisions"}],"predecessor-version":[{"id":10576,"href":"https:\/\/realidadsur.com.ar\/index.php?rest_route=\/wp\/v2\/posts\/10574\/revisions\/10576"}],"wp:featuredmedia":[{"embeddable":true,"href":"https:\/\/realidadsur.com.ar\/index.php?rest_route=\/wp\/v2\/media\/10575"}],"wp:attachment":[{"href":"https:\/\/realidadsur.com.ar\/index.php?rest_route=%2Fwp%2Fv2%2Fmedia&parent=10574"}],"wp:term":[{"taxonomy":"category","embeddable":true,"href":"https:\/\/realidadsur.com.ar\/index.php?rest_route=%2Fwp%2Fv2%2Fcategories&post=10574"},{"taxonomy":"post_tag","embeddable":true,"href":"https:\/\/realidadsur.com.ar\/index.php?rest_route=%2Fwp%2Fv2%2Ftags&post=10574"}],"curies":[{"name":"wp","href":"https:\/\/api.w.org\/{rel}","templated":true}]}}