{"id":10610,"date":"2025-04-07T14:10:44","date_gmt":"2025-04-07T17:10:44","guid":{"rendered":"https:\/\/realidadsur.com.ar\/?p=10610"},"modified":"2025-04-07T14:10:45","modified_gmt":"2025-04-07T17:10:45","slug":"miles-de-jovenes-catolicos-se-reunieron-en-un-encuentro-en-berazategui","status":"publish","type":"post","link":"https:\/\/realidadsur.com.ar\/?p=10610","title":{"rendered":"MILES DE J\u00d3VENES CAT\u00d3LICOS SE REUNIERON EN UN ENCUENTRO EN BERAZATEGUI"},"content":{"rendered":"\n<p>Cerca de 8 mil j\u00f3venes de la arquidi\u00f3cesis de Buenos Aires y de las di\u00f3cesis de Avellaneda-Lan\u00fas, Gregorio de Laferrere, Lomas de Zamora, Merlo-Moreno, Mor\u00f3n, Quilmes, San Isidro, San Justo, San Mart\u00edn, San Miguel y Z\u00e1rate-Campana se congregaron el s\u00e1bado 5 de abril en el Centro de Actividades Roberto De Vicenzo de Berazategui, en la Di\u00f3cesis de Quilmes, para celebrar la Jornada Regional de J\u00f3venes (JRJ) animada a partir del lema &#8220;Yo estar\u00e9 con ustedes&#8221; (Mateo 28, 20).<\/p>\n\n\n\n<p>Los chicos compartieron y celebraron \u201cla alegr\u00eda de ser Iglesia que camina en Buenos Aires&#8221;, y pudieron &#8220;participar y encontrarse con Jes\u00fas y otros hermanos que comparten la fe, sentir la alegr\u00eda de saber que Jes\u00fas est\u00e1 con nosotros hasta el fin del mundo&#8221;.<\/p>\n\n\n\n<figure class=\"wp-block-image aligncenter size-large is-resized\"><img data-recalc-dims=\"1\" loading=\"lazy\" decoding=\"async\" width=\"640\" height=\"426\" src=\"https:\/\/i0.wp.com\/realidadsur.com.ar\/wp-content\/uploads\/2025\/04\/El-Obispo-de-San-Isidro-ofrecio-la-homilia-1-1024x681.jpg?resize=640%2C426&#038;ssl=1\" alt=\"\" class=\"wp-image-10613\" style=\"width:442px;height:auto\" srcset=\"https:\/\/i0.wp.com\/realidadsur.com.ar\/wp-content\/uploads\/2025\/04\/El-Obispo-de-San-Isidro-ofrecio-la-homilia-1.jpg?resize=1024%2C681&amp;ssl=1 1024w, https:\/\/i0.wp.com\/realidadsur.com.ar\/wp-content\/uploads\/2025\/04\/El-Obispo-de-San-Isidro-ofrecio-la-homilia-1.jpg?resize=300%2C200&amp;ssl=1 300w, https:\/\/i0.wp.com\/realidadsur.com.ar\/wp-content\/uploads\/2025\/04\/El-Obispo-de-San-Isidro-ofrecio-la-homilia-1.jpg?resize=768%2C511&amp;ssl=1 768w, https:\/\/i0.wp.com\/realidadsur.com.ar\/wp-content\/uploads\/2025\/04\/El-Obispo-de-San-Isidro-ofrecio-la-homilia-1.jpg?resize=1536%2C1022&amp;ssl=1 1536w, https:\/\/i0.wp.com\/realidadsur.com.ar\/wp-content\/uploads\/2025\/04\/El-Obispo-de-San-Isidro-ofrecio-la-homilia-1.jpg?w=2048&amp;ssl=1 2048w, https:\/\/i0.wp.com\/realidadsur.com.ar\/wp-content\/uploads\/2025\/04\/El-Obispo-de-San-Isidro-ofrecio-la-homilia-1.jpg?w=1280 1280w, https:\/\/i0.wp.com\/realidadsur.com.ar\/wp-content\/uploads\/2025\/04\/El-Obispo-de-San-Isidro-ofrecio-la-homilia-1.jpg?w=1920 1920w\" sizes=\"auto, (max-width: 640px) 100vw, 640px\" \/><\/figure>\n\n\n\n<p>Durante la misa, Monse\u00f1or Ra\u00fal Pizzarro, Obispo Auxiliar de San Isidro y Delegado de Pastoral de Juventud de la Regi\u00f3n, que estuvo encargado de la homil\u00eda dijo a los j\u00f3venes: &#8220;ustedes no est\u00e1n llamados a repetir lo que se hizo antes. An\u00edmense a ser creativos, a buscar e intentar nuevas respuestas a los desaf\u00edos de este tiempo. No se dejen amedrentar por las voces contrarias que te dicen que \u00b4no vas a poder\u00b4, que \u00b4sos un in\u00fatil\u00b4, que \u00b4siempre haces todo mal\u00b4&#8221;, y les record\u00f3 que &#8220;creemos en un Dios que abre caminos y que nos ayuda a salir de encrucijadas dif\u00edciles&#8221;.<\/p>\n\n\n\n<p>Los j\u00f3venes de las distintas di\u00f3cesis, durante la tarde, misionaron por las calles del centro de la ciudad, acompa\u00f1ados por obispos, sacerdotes, religiosas y di\u00e1conos, y guiados por los patronos Carlo Acutis, Eduardo Pironio, Mama Antula y Laura Vicu\u00f1a. Se bendijeron casas y comercios. Previamente, los participantes de la JRJ compartieron un momento de oraci\u00f3n ante el Sant\u00edsimo Sacramento.<\/p>\n\n\n\n<p>La JRJ estuvo animada por bandas musicales, entre los que estuvieron Filocalia, Kyrios Emanuel y el grupo musical que interpret\u00f3 el himno de la jornada. Adem\u00e1s la muestra art\u00edstica de Banuev que invit\u00f3 a reflexionar sobre las problem\u00e1ticas, ilusiones y esperanzas de los j\u00f3venes, y el cierre que estuvo a cargo de la banda Toco para Dios que hizo bailar y cantar a los presentes. En un momento de la tarde los chicos y chicas recibieron por video el saludo de varios deportistas, entre el que se destac\u00f3 el de Juli\u00e1n \u00c1lvarez, delantero de la Selecci\u00f3n Argentina.<\/p>\n\n\n\n<p>En la apertura se aperson\u00f3 el intendente de Berazategui Juan Jos\u00e9 Mussi, mientras que el Obispo de Quilmes, Carlos Tissera, y el Obispo Auxiliar de la Di\u00f3cesis, Eduardo Redondo, le dieron la bienvenida a los miles de chicos y chicas que colmaron el auditorio y alrededores.<\/p>\n","protected":false},"excerpt":{"rendered":"<p>Cerca de 8 mil j\u00f3venes de la arquidi\u00f3cesis de Buenos Aires y de las di\u00f3cesis&#8230;<\/p>\n","protected":false},"author":2,"featured_media":10611,"comment_status":"open","ping_status":"open","sticky":false,"template":"","format":"standard","meta":{"_jetpack_memberships_contains_paid_content":false,"footnotes":""},"categories":[6],"tags":[11,9],"class_list":["post-10610","post","type-post","status-publish","format-standard","has-post-thumbnail","hentry","category-berazategui","tag-berazategui","tag-juan-jose-mussi"],"jetpack_featured_media_url":"https:\/\/i0.wp.com\/realidadsur.com.ar\/wp-content\/uploads\/2025\/04\/El-Centro-de-Actividades-de-Vicenzo-fue-la-sede-del-Encuentro.jpg?fit=2048%2C1362&ssl=1","jetpack_sharing_enabled":true,"_links":{"self":[{"href":"https:\/\/realidadsur.com.ar\/index.php?rest_route=\/wp\/v2\/posts\/10610","targetHints":{"allow":["GET"]}}],"collection":[{"href":"https:\/\/realidadsur.com.ar\/index.php?rest_route=\/wp\/v2\/posts"}],"about":[{"href":"https:\/\/realidadsur.com.ar\/index.php?rest_route=\/wp\/v2\/types\/post"}],"author":[{"embeddable":true,"href":"https:\/\/realidadsur.com.ar\/index.php?rest_route=\/wp\/v2\/users\/2"}],"replies":[{"embeddable":true,"href":"https:\/\/realidadsur.com.ar\/index.php?rest_route=%2Fwp%2Fv2%2Fcomments&post=10610"}],"version-history":[{"count":1,"href":"https:\/\/realidadsur.com.ar\/index.php?rest_route=\/wp\/v2\/posts\/10610\/revisions"}],"predecessor-version":[{"id":10614,"href":"https:\/\/realidadsur.com.ar\/index.php?rest_route=\/wp\/v2\/posts\/10610\/revisions\/10614"}],"wp:featuredmedia":[{"embeddable":true,"href":"https:\/\/realidadsur.com.ar\/index.php?rest_route=\/wp\/v2\/media\/10611"}],"wp:attachment":[{"href":"https:\/\/realidadsur.com.ar\/index.php?rest_route=%2Fwp%2Fv2%2Fmedia&parent=10610"}],"wp:term":[{"taxonomy":"category","embeddable":true,"href":"https:\/\/realidadsur.com.ar\/index.php?rest_route=%2Fwp%2Fv2%2Fcategories&post=10610"},{"taxonomy":"post_tag","embeddable":true,"href":"https:\/\/realidadsur.com.ar\/index.php?rest_route=%2Fwp%2Fv2%2Ftags&post=10610"}],"curies":[{"name":"wp","href":"https:\/\/api.w.org\/{rel}","templated":true}]}}