{"id":10663,"date":"2025-04-10T13:46:16","date_gmt":"2025-04-10T16:46:16","guid":{"rendered":"https:\/\/realidadsur.com.ar\/?p=10663"},"modified":"2025-04-10T13:46:18","modified_gmt":"2025-04-10T16:46:18","slug":"la-causa-por-la-presunta-estafa-donde-se-investiga-a-milei-quedo-en-manos-de-servini","status":"publish","type":"post","link":"https:\/\/realidadsur.com.ar\/?p=10663","title":{"rendered":"LA CAUSA POR LA PRESUNTA ESTAFA DONDE SE INVESTIGA A MILEI QUED\u00d3 EN MANOS DE SERVINI"},"content":{"rendered":"\n<p>La C\u00e1mara Federal de San Mart\u00edn orden\u00f3 hoy a la jueza federal de San Isidro Sandra Arroyo Salgado que env\u00ede a su par porte\u00f1a Mar\u00eda Servini la causa que lleva en su juzgado por el esc\u00e1ndalo de $LIBRA al hacer lugar a un pedido fiscal de declinatoria de competencia.<\/p>\n\n\n\n<p>El Tribunal de Apelaciones resolvi\u00f3 que la causa que lleva Arroyo Salgado iniciada porque el Presidente poste\u00f3 sobre el lanzamiento de la criptomoneda fallida desde la residencia de Olivos, jurisdicci\u00f3n de San Isidro, se acumule a la investigaci\u00f3n de Servini.<\/p>\n\n\n\n<p>La decisi\u00f3n fue del camarista Juan Pablo Salas, quien hizo lugar a una apelaci\u00f3n del fiscal federal de San Isidro &#8220;Est\u00e1 claro que la Justicia federal de la Ciudad Aut\u00f3noma de Buenos Aires fue la que previno, si comparamos lo actuado en uno y otro expediente&#8221;, consider\u00f3 el magistrado.<\/p>\n\n\n\n<p>Adem\u00e1s el juez sostuvo que &#8220;si de garantizar una mejor y m\u00e1s pronta administraci\u00f3n de justicia se refiere, entiendo que la justicia federal de CABA hoy se encuentra en una mejor posici\u00f3n procesal e investigativa, en comparaci\u00f3n a lo sucedido en la justicia federal de San Isidro&#8221;.<\/p>\n","protected":false},"excerpt":{"rendered":"<p>La C\u00e1mara Federal de San Mart\u00edn orden\u00f3 hoy a la jueza federal de San Isidro&#8230;<\/p>\n","protected":false},"author":2,"featured_media":10664,"comment_status":"open","ping_status":"open","sticky":false,"template":"","format":"standard","meta":{"_jetpack_memberships_contains_paid_content":false,"footnotes":""},"categories":[8,3],"tags":[3240,200],"class_list":["post-10663","post","type-post","status-publish","format-standard","has-post-thumbnail","hentry","category-interes-general","category-nacion","tag-libra","tag-javier-milei"],"jetpack_featured_media_url":"https:\/\/i0.wp.com\/realidadsur.com.ar\/wp-content\/uploads\/2025\/04\/Es-por-la-cripto-LIBRA.webp?fit=640%2C480&ssl=1","jetpack_sharing_enabled":true,"_links":{"self":[{"href":"https:\/\/realidadsur.com.ar\/index.php?rest_route=\/wp\/v2\/posts\/10663","targetHints":{"allow":["GET"]}}],"collection":[{"href":"https:\/\/realidadsur.com.ar\/index.php?rest_route=\/wp\/v2\/posts"}],"about":[{"href":"https:\/\/realidadsur.com.ar\/index.php?rest_route=\/wp\/v2\/types\/post"}],"author":[{"embeddable":true,"href":"https:\/\/realidadsur.com.ar\/index.php?rest_route=\/wp\/v2\/users\/2"}],"replies":[{"embeddable":true,"href":"https:\/\/realidadsur.com.ar\/index.php?rest_route=%2Fwp%2Fv2%2Fcomments&post=10663"}],"version-history":[{"count":1,"href":"https:\/\/realidadsur.com.ar\/index.php?rest_route=\/wp\/v2\/posts\/10663\/revisions"}],"predecessor-version":[{"id":10665,"href":"https:\/\/realidadsur.com.ar\/index.php?rest_route=\/wp\/v2\/posts\/10663\/revisions\/10665"}],"wp:featuredmedia":[{"embeddable":true,"href":"https:\/\/realidadsur.com.ar\/index.php?rest_route=\/wp\/v2\/media\/10664"}],"wp:attachment":[{"href":"https:\/\/realidadsur.com.ar\/index.php?rest_route=%2Fwp%2Fv2%2Fmedia&parent=10663"}],"wp:term":[{"taxonomy":"category","embeddable":true,"href":"https:\/\/realidadsur.com.ar\/index.php?rest_route=%2Fwp%2Fv2%2Fcategories&post=10663"},{"taxonomy":"post_tag","embeddable":true,"href":"https:\/\/realidadsur.com.ar\/index.php?rest_route=%2Fwp%2Fv2%2Ftags&post=10663"}],"curies":[{"name":"wp","href":"https:\/\/api.w.org\/{rel}","templated":true}]}}