{"id":10671,"date":"2025-04-10T17:33:36","date_gmt":"2025-04-10T20:33:36","guid":{"rendered":"https:\/\/realidadsur.com.ar\/?p=10671"},"modified":"2025-04-10T17:33:38","modified_gmt":"2025-04-10T20:33:38","slug":"china-renovo-el-swap-al-banco-central-de-la-argentina","status":"publish","type":"post","link":"https:\/\/realidadsur.com.ar\/?p=10671","title":{"rendered":"CHINA RENOV\u00d3 EL SWAP AL BANCO CENTRAL DE LA ARGENTINA"},"content":{"rendered":"\n<p>El Banco Central de la Rep\u00fablica Argentina (BCRA) anunci\u00f3 hoy la renovaci\u00f3n total del tramo activado del acuerdo bilateral de swap con el Banco Central de la Rep\u00fablica Popular de China (PBOC) por US$5.000 millones por un plazo adicional de 12 meses.<\/p>\n\n\n\n<p>&#8220;La activaci\u00f3n de este tramo, que se inici\u00f3 en 2023 y deb\u00eda comenzar a reducirse gradualmente a partir de junio 2025, seguir\u00e1 manteni\u00e9ndose a disposici\u00f3n del BCRA, en su totalidad, hasta mediados de 2026&#8221;, inform\u00f3 la entidad financiera a cargo de Santiago Bausili.<\/p>\n\n\n\n<p>As\u00ed, permitir\u00e1 al BCRA &#8220;reducir los riesgos&#8221; en su transici\u00f3n hacia un &#8220;r\u00e9gimen monetario y cambiario consistente y sostenible, en un contexto internacional desafiante para los flujos de capitales externos&#8221;, indic\u00f3 el BCRA en su comunicado.<\/p>\n","protected":false},"excerpt":{"rendered":"<p>El Banco Central de la Rep\u00fablica Argentina (BCRA) anunci\u00f3 hoy la renovaci\u00f3n total del tramo&#8230;<\/p>\n","protected":false},"author":2,"featured_media":10672,"comment_status":"open","ping_status":"open","sticky":false,"template":"","format":"standard","meta":{"_jetpack_memberships_contains_paid_content":false,"footnotes":""},"categories":[3],"tags":[2330,559],"class_list":["post-10671","post","type-post","status-publish","format-standard","has-post-thumbnail","hentry","category-nacion","tag-bcra","tag-china"],"jetpack_featured_media_url":"https:\/\/i0.wp.com\/realidadsur.com.ar\/wp-content\/uploads\/2025\/04\/Respiro-para-el-Gobierno.jpg?fit=652%2C408&ssl=1","jetpack_sharing_enabled":true,"_links":{"self":[{"href":"https:\/\/realidadsur.com.ar\/index.php?rest_route=\/wp\/v2\/posts\/10671","targetHints":{"allow":["GET"]}}],"collection":[{"href":"https:\/\/realidadsur.com.ar\/index.php?rest_route=\/wp\/v2\/posts"}],"about":[{"href":"https:\/\/realidadsur.com.ar\/index.php?rest_route=\/wp\/v2\/types\/post"}],"author":[{"embeddable":true,"href":"https:\/\/realidadsur.com.ar\/index.php?rest_route=\/wp\/v2\/users\/2"}],"replies":[{"embeddable":true,"href":"https:\/\/realidadsur.com.ar\/index.php?rest_route=%2Fwp%2Fv2%2Fcomments&post=10671"}],"version-history":[{"count":1,"href":"https:\/\/realidadsur.com.ar\/index.php?rest_route=\/wp\/v2\/posts\/10671\/revisions"}],"predecessor-version":[{"id":10673,"href":"https:\/\/realidadsur.com.ar\/index.php?rest_route=\/wp\/v2\/posts\/10671\/revisions\/10673"}],"wp:featuredmedia":[{"embeddable":true,"href":"https:\/\/realidadsur.com.ar\/index.php?rest_route=\/wp\/v2\/media\/10672"}],"wp:attachment":[{"href":"https:\/\/realidadsur.com.ar\/index.php?rest_route=%2Fwp%2Fv2%2Fmedia&parent=10671"}],"wp:term":[{"taxonomy":"category","embeddable":true,"href":"https:\/\/realidadsur.com.ar\/index.php?rest_route=%2Fwp%2Fv2%2Fcategories&post=10671"},{"taxonomy":"post_tag","embeddable":true,"href":"https:\/\/realidadsur.com.ar\/index.php?rest_route=%2Fwp%2Fv2%2Ftags&post=10671"}],"curies":[{"name":"wp","href":"https:\/\/api.w.org\/{rel}","templated":true}]}}