{"id":10683,"date":"2025-04-10T17:56:50","date_gmt":"2025-04-10T20:56:50","guid":{"rendered":"https:\/\/realidadsur.com.ar\/?p=10683"},"modified":"2025-04-10T17:56:51","modified_gmt":"2025-04-10T20:56:51","slug":"quilmes-un-policia-de-la-ciudad-fue-aprehendido-al-circular-en-una-moto-robada","status":"publish","type":"post","link":"https:\/\/realidadsur.com.ar\/?p=10683","title":{"rendered":"QUILMES: UN POLIC\u00cdA DE LA CIUDAD FUE APREHENDIDO AL CIRCULAR EN UNA MOTO ROBADA"},"content":{"rendered":"\n<p>Un efectivo de la Polic\u00eda de la Ciudad fue detenido en Quilmes al comprobarse que circulaba en una moto robada.<\/p>\n\n\n\n<p>Todo se dio cuando personal de la Prefectura Naval que se encontraba haciendo recorridas en Quilmes, intercept\u00f3 una moto en las calles 895 y Calle 843.<\/p>\n\n\n\n<p>Al notar que era un veh\u00edculo marca Bajaj, y al cursar los datos con las autoridades pertinentes, se estableci\u00f3 que en realidad los datos del motor correspond\u00edan a una motocicleta Corven, con Pedido de Secuestro Activo fechado en el a\u00f1o 2023, por Hurto Agravado.<\/p>\n\n\n\n<p>Al identificar al conductor, se estableci\u00f3 que es personal policial de Polic\u00eda de la Ciudad, ostentando la jerarqu\u00eda de Oficial, prestando servicios en Comunica Tercera C.<\/p>\n\n\n\n<p>Se los traslad\u00f3 aprehendido a la Comisar\u00eda Cuarta de Quilmes.<\/p>\n","protected":false},"excerpt":{"rendered":"<p>Un efectivo de la Polic\u00eda de la Ciudad fue detenido en Quilmes al comprobarse que&#8230;<\/p>\n","protected":false},"author":2,"featured_media":10684,"comment_status":"open","ping_status":"open","sticky":false,"template":"","format":"standard","meta":{"_jetpack_memberships_contains_paid_content":false,"footnotes":""},"categories":[996,5],"tags":[14],"class_list":["post-10683","post","type-post","status-publish","format-standard","has-post-thumbnail","hentry","category-caba","category-quilmes","tag-quilmes"],"jetpack_featured_media_url":"https:\/\/i0.wp.com\/realidadsur.com.ar\/wp-content\/uploads\/2025\/04\/La-moto-habia-sido-robada-en-Lanus.jpeg?fit=1280%2C720&ssl=1","jetpack_sharing_enabled":true,"_links":{"self":[{"href":"https:\/\/realidadsur.com.ar\/index.php?rest_route=\/wp\/v2\/posts\/10683","targetHints":{"allow":["GET"]}}],"collection":[{"href":"https:\/\/realidadsur.com.ar\/index.php?rest_route=\/wp\/v2\/posts"}],"about":[{"href":"https:\/\/realidadsur.com.ar\/index.php?rest_route=\/wp\/v2\/types\/post"}],"author":[{"embeddable":true,"href":"https:\/\/realidadsur.com.ar\/index.php?rest_route=\/wp\/v2\/users\/2"}],"replies":[{"embeddable":true,"href":"https:\/\/realidadsur.com.ar\/index.php?rest_route=%2Fwp%2Fv2%2Fcomments&post=10683"}],"version-history":[{"count":1,"href":"https:\/\/realidadsur.com.ar\/index.php?rest_route=\/wp\/v2\/posts\/10683\/revisions"}],"predecessor-version":[{"id":10685,"href":"https:\/\/realidadsur.com.ar\/index.php?rest_route=\/wp\/v2\/posts\/10683\/revisions\/10685"}],"wp:featuredmedia":[{"embeddable":true,"href":"https:\/\/realidadsur.com.ar\/index.php?rest_route=\/wp\/v2\/media\/10684"}],"wp:attachment":[{"href":"https:\/\/realidadsur.com.ar\/index.php?rest_route=%2Fwp%2Fv2%2Fmedia&parent=10683"}],"wp:term":[{"taxonomy":"category","embeddable":true,"href":"https:\/\/realidadsur.com.ar\/index.php?rest_route=%2Fwp%2Fv2%2Fcategories&post=10683"},{"taxonomy":"post_tag","embeddable":true,"href":"https:\/\/realidadsur.com.ar\/index.php?rest_route=%2Fwp%2Fv2%2Ftags&post=10683"}],"curies":[{"name":"wp","href":"https:\/\/api.w.org\/{rel}","templated":true}]}}