{"id":10687,"date":"2025-04-11T16:17:32","date_gmt":"2025-04-11T19:17:32","guid":{"rendered":"https:\/\/realidadsur.com.ar\/?p=10687"},"modified":"2025-04-11T16:17:34","modified_gmt":"2025-04-11T19:17:34","slug":"milei-reune-a-su-gabinete-para-esperar-el-anuncio-del-f-m-i","status":"publish","type":"post","link":"https:\/\/realidadsur.com.ar\/?p=10687","title":{"rendered":"MILEI RE\u00daNE A SU GABINETE PARA ESPERAR EL ANUNCIO DEL F.M.I."},"content":{"rendered":"\n<p>El presidente Javier Milei convoc\u00f3 a los ministros a que asistan esta tarde a Casa Rosada para seguir de cerca la decisi\u00f3n del board del Fondo Monetario Internacional, y mostrarse acompa\u00f1ado por el equipo cuando se formalice la aprobaci\u00f3n del pr\u00e9stamo de u$s20.000 millones para la Argentina.<\/p>\n\n\n\n<p>Bajo la coordinaci\u00f3n de la secretaria general de la Presidencia, Karina Milei, el mandatario se rodear\u00e1 del jefe de Gabinete, Guillermo Francos, y los ministros Luis Caputo (Econom\u00eda), Federico Sturzenegger (Transformaci\u00f3n del Estado), Sandra Pettovello (Capital Humano), Patricia Bullrich (Seguridad), Luis Petri (Defensa), Mariano C\u00faneo Libarona (Justicia), Mario Lugones (Salud) y Gerardo Werthein (Relaciones Exteriores) que fueron citados a las 17.<\/p>\n\n\n\n<p>No se descarta la participaci\u00f3n de la secretarial de Legal y T\u00e9cnica, Mar\u00eda Ibarz\u00e1bal Murphy; el vocero presidencial, Manuel Adorni; el titular de la C\u00e1mara de Diputados, Mart\u00edn Menem, y el asesor, Santiago Caputo.<\/p>\n\n\n\n<p>La reuni\u00f3n, que se replicar\u00e1 tras el semanal encuentro del Gabinete, se dar\u00e1 luego de que el INDEC revele el dato de inflaci\u00f3n correspondiente al mes de marzo que se prev\u00e9 negativo.<\/p>\n\n\n\n<p>En las filas libertarias advierten que el n\u00famero ser\u00e1 malo, aunque aclaran que se trata de \u201cun mes vol\u00e1til\u201d.<\/p>\n\n\n\n<p>Ante ese escenario, la idea de Milei es poder contrarrestar la \u201cmala noticia\u201d con una \u201cbuena\u201d y cerrar la jornada con una fotograf\u00eda del equipo completo en el sal\u00f3n Eva Per\u00f3n, luego de la reuni\u00f3n en la que las autoridades del organismo resolver\u00e1n el pedido argentino, que ya cuenta con aval t\u00e9cnico.<\/p>\n","protected":false},"excerpt":{"rendered":"<p>El presidente Javier Milei convoc\u00f3 a los ministros a que asistan esta tarde a Casa&#8230;<\/p>\n","protected":false},"author":2,"featured_media":10688,"comment_status":"open","ping_status":"open","sticky":false,"template":"","format":"standard","meta":{"_jetpack_memberships_contains_paid_content":false,"footnotes":""},"categories":[3],"tags":[184,200],"class_list":["post-10687","post","type-post","status-publish","format-standard","has-post-thumbnail","hentry","category-nacion","tag-fmi","tag-javier-milei"],"jetpack_featured_media_url":"https:\/\/i0.wp.com\/realidadsur.com.ar\/wp-content\/uploads\/2025\/04\/Milei-espera-dar-una-buena-noticia-el-mismo-dia-que-se-informa-la-inflacion.webp?fit=1115%2C720&ssl=1","jetpack_sharing_enabled":true,"_links":{"self":[{"href":"https:\/\/realidadsur.com.ar\/index.php?rest_route=\/wp\/v2\/posts\/10687","targetHints":{"allow":["GET"]}}],"collection":[{"href":"https:\/\/realidadsur.com.ar\/index.php?rest_route=\/wp\/v2\/posts"}],"about":[{"href":"https:\/\/realidadsur.com.ar\/index.php?rest_route=\/wp\/v2\/types\/post"}],"author":[{"embeddable":true,"href":"https:\/\/realidadsur.com.ar\/index.php?rest_route=\/wp\/v2\/users\/2"}],"replies":[{"embeddable":true,"href":"https:\/\/realidadsur.com.ar\/index.php?rest_route=%2Fwp%2Fv2%2Fcomments&post=10687"}],"version-history":[{"count":1,"href":"https:\/\/realidadsur.com.ar\/index.php?rest_route=\/wp\/v2\/posts\/10687\/revisions"}],"predecessor-version":[{"id":10689,"href":"https:\/\/realidadsur.com.ar\/index.php?rest_route=\/wp\/v2\/posts\/10687\/revisions\/10689"}],"wp:featuredmedia":[{"embeddable":true,"href":"https:\/\/realidadsur.com.ar\/index.php?rest_route=\/wp\/v2\/media\/10688"}],"wp:attachment":[{"href":"https:\/\/realidadsur.com.ar\/index.php?rest_route=%2Fwp%2Fv2%2Fmedia&parent=10687"}],"wp:term":[{"taxonomy":"category","embeddable":true,"href":"https:\/\/realidadsur.com.ar\/index.php?rest_route=%2Fwp%2Fv2%2Fcategories&post=10687"},{"taxonomy":"post_tag","embeddable":true,"href":"https:\/\/realidadsur.com.ar\/index.php?rest_route=%2Fwp%2Fv2%2Ftags&post=10687"}],"curies":[{"name":"wp","href":"https:\/\/api.w.org\/{rel}","templated":true}]}}