{"id":10736,"date":"2025-04-13T20:59:07","date_gmt":"2025-04-13T23:59:07","guid":{"rendered":"https:\/\/realidadsur.com.ar\/?p=10736"},"modified":"2025-04-13T20:59:08","modified_gmt":"2025-04-13T23:59:08","slug":"etapa-final-de-construccion-del-centro-civico-municipal-villa-espana-platanos","status":"publish","type":"post","link":"https:\/\/realidadsur.com.ar\/?p=10736","title":{"rendered":"ETAPA FINAL DE CONSTRUCCI\u00d3N DEL CENTRO C\u00cdVICO MUNICIPAL VILLA ESPA\u00d1A &#8211; PL\u00c1TANOS"},"content":{"rendered":"\n<p>En muy poco tiempo, la Municipalidad de Berazategui va a inaugurar el Centro C\u00edvico Municipal Villa Espa\u00f1a &#8211; Pl\u00e1tanos, que funcionar\u00e1 en un sector cedido por el C\u00edrculo Italiano (calle 151 A e\/ Av. Italia y 34). All\u00ed, los vecinos y vecinas podr\u00e1n realizar sus tr\u00e1mites y acceder a m\u00e1s y mejores servicios. Estas obras, impulsadas por el intendente Juan Jos\u00e9 Mussi y financiadas \u00edntegramente por el Municipio, ya se encuentran avanzadas en un 85% y se prev\u00e9 que finalicen en junio.<br><br>Al respecto, Juan Glerean, arquitecto y director de Proyectos Arquitect\u00f3nicos de la Secretar\u00eda de Cultura y Educaci\u00f3n, indic\u00f3: \u201cNos encontramos trabajando en la colocaci\u00f3n del piso y en tareas de pintura, enduido y algunos otros detalles. As\u00ed que creemos que, en muy poco tiempo, los vecinos y vecinas podr\u00e1n disfrutar de m\u00e1s y mejores propuestas en este nuevo espacio\u201d.<\/p>\n\n\n\n<p>En este sentido, el funcionario explic\u00f3: \u201cAqu\u00ed funcionar\u00e1n la Delegaci\u00f3n municipal, con patios descubiertos y semicubiertos; cuatro aulas para los talleres del Centro Cultural Municipal, un Registro Provincial de las Personas; oficinas de atenci\u00f3n al p\u00fablico; un Sal\u00f3n de Usos M\u00faltiples; un Sal\u00f3n de eventos y la sede del C\u00edrculo Italiano\u201d.<\/p>\n\n\n\n<p>La articulaci\u00f3n entre el sector p\u00fablico y el privado para la realizaci\u00f3n de este proyecto comenz\u00f3 cuando se firm\u00f3 un comodato para que la Municipalidad de Berazategui se hiciera cargo de un sector de la sede de este establecimiento local emblem\u00e1tico. El acuerdo fue concretado por el intendente Juan Jos\u00e9 Mussi e integrantes de la Comisi\u00f3n directiva de la instituci\u00f3n.<\/p>\n","protected":false},"excerpt":{"rendered":"<p>En muy poco tiempo, la Municipalidad de Berazategui va a inaugurar el Centro C\u00edvico Municipal&#8230;<\/p>\n","protected":false},"author":2,"featured_media":10737,"comment_status":"open","ping_status":"open","sticky":false,"template":"","format":"standard","meta":{"_jetpack_memberships_contains_paid_content":false,"footnotes":""},"categories":[6],"tags":[11,9],"class_list":["post-10736","post","type-post","status-publish","format-standard","has-post-thumbnail","hentry","category-berazategui","tag-berazategui","tag-juan-jose-mussi"],"jetpack_featured_media_url":"https:\/\/i0.wp.com\/realidadsur.com.ar\/wp-content\/uploads\/2025\/04\/ETAPA-FINAL-DE-CONSTRUCCION-DEL-CENTRO-CIVICO-MUNICIPAL-VILLA-ESPANA-PLATANOS-3.jpg?fit=1920%2C1280&ssl=1","jetpack_sharing_enabled":true,"_links":{"self":[{"href":"https:\/\/realidadsur.com.ar\/index.php?rest_route=\/wp\/v2\/posts\/10736","targetHints":{"allow":["GET"]}}],"collection":[{"href":"https:\/\/realidadsur.com.ar\/index.php?rest_route=\/wp\/v2\/posts"}],"about":[{"href":"https:\/\/realidadsur.com.ar\/index.php?rest_route=\/wp\/v2\/types\/post"}],"author":[{"embeddable":true,"href":"https:\/\/realidadsur.com.ar\/index.php?rest_route=\/wp\/v2\/users\/2"}],"replies":[{"embeddable":true,"href":"https:\/\/realidadsur.com.ar\/index.php?rest_route=%2Fwp%2Fv2%2Fcomments&post=10736"}],"version-history":[{"count":1,"href":"https:\/\/realidadsur.com.ar\/index.php?rest_route=\/wp\/v2\/posts\/10736\/revisions"}],"predecessor-version":[{"id":10738,"href":"https:\/\/realidadsur.com.ar\/index.php?rest_route=\/wp\/v2\/posts\/10736\/revisions\/10738"}],"wp:featuredmedia":[{"embeddable":true,"href":"https:\/\/realidadsur.com.ar\/index.php?rest_route=\/wp\/v2\/media\/10737"}],"wp:attachment":[{"href":"https:\/\/realidadsur.com.ar\/index.php?rest_route=%2Fwp%2Fv2%2Fmedia&parent=10736"}],"wp:term":[{"taxonomy":"category","embeddable":true,"href":"https:\/\/realidadsur.com.ar\/index.php?rest_route=%2Fwp%2Fv2%2Fcategories&post=10736"},{"taxonomy":"post_tag","embeddable":true,"href":"https:\/\/realidadsur.com.ar\/index.php?rest_route=%2Fwp%2Fv2%2Ftags&post=10736"}],"curies":[{"name":"wp","href":"https:\/\/api.w.org\/{rel}","templated":true}]}}