{"id":10747,"date":"2025-04-14T13:50:02","date_gmt":"2025-04-14T16:50:02","guid":{"rendered":"https:\/\/realidadsur.com.ar\/?p=10747"},"modified":"2025-04-14T13:50:03","modified_gmt":"2025-04-14T16:50:03","slug":"milei-le-advierte-al-campo-que-impondra-retenciones-en-junio","status":"publish","type":"post","link":"https:\/\/realidadsur.com.ar\/?p=10747","title":{"rendered":"MILEI LE ADVIERTE AL CAMPO QUE IMPONDR\u00c1 RETENCIONES EN JUNIO"},"content":{"rendered":"\n<p>El presidente Javier Milei le aconsej\u00f3 hoy al campo que \u201cliquide\u201d porque en junio no renovar\u00e1 la rebaja de las retenciones.<\/p>\n\n\n\n<p>\u201cHay que avisarle al campo que liquide porque en junio vuelven las retenciones\u201d, afirm\u00f3 el presidente.<\/p>\n\n\n\n<p>Actualmente rige una rebaja de la al\u00edcuota para los principales cereales que tiene plazo de expiraci\u00f3n en poco m\u00e1s de 70 d\u00edas.<\/p>\n\n\n\n<p>En ese contexto, Milei record\u00f3 que en las \u00faltimas semanas el sector agroexportador demor\u00f3 liquidaciones, mientras que los importadores adelantaron operaciones, lo cual gener\u00f3 la suba del tipo de cambio.<\/p>\n","protected":false},"excerpt":{"rendered":"<p>El presidente Javier Milei le aconsej\u00f3 hoy al campo que \u201cliquide\u201d porque en junio no&#8230;<\/p>\n","protected":false},"author":2,"featured_media":9714,"comment_status":"open","ping_status":"open","sticky":false,"template":"","format":"standard","meta":{"_jetpack_memberships_contains_paid_content":false,"footnotes":""},"categories":[3],"tags":[200],"class_list":["post-10747","post","type-post","status-publish","format-standard","has-post-thumbnail","hentry","category-nacion","tag-javier-milei"],"jetpack_featured_media_url":"https:\/\/i0.wp.com\/realidadsur.com.ar\/wp-content\/uploads\/2025\/02\/Milei-estuvo-con-Antonio-Laje.webp?fit=640%2C346&ssl=1","jetpack_sharing_enabled":true,"_links":{"self":[{"href":"https:\/\/realidadsur.com.ar\/index.php?rest_route=\/wp\/v2\/posts\/10747","targetHints":{"allow":["GET"]}}],"collection":[{"href":"https:\/\/realidadsur.com.ar\/index.php?rest_route=\/wp\/v2\/posts"}],"about":[{"href":"https:\/\/realidadsur.com.ar\/index.php?rest_route=\/wp\/v2\/types\/post"}],"author":[{"embeddable":true,"href":"https:\/\/realidadsur.com.ar\/index.php?rest_route=\/wp\/v2\/users\/2"}],"replies":[{"embeddable":true,"href":"https:\/\/realidadsur.com.ar\/index.php?rest_route=%2Fwp%2Fv2%2Fcomments&post=10747"}],"version-history":[{"count":1,"href":"https:\/\/realidadsur.com.ar\/index.php?rest_route=\/wp\/v2\/posts\/10747\/revisions"}],"predecessor-version":[{"id":10748,"href":"https:\/\/realidadsur.com.ar\/index.php?rest_route=\/wp\/v2\/posts\/10747\/revisions\/10748"}],"wp:featuredmedia":[{"embeddable":true,"href":"https:\/\/realidadsur.com.ar\/index.php?rest_route=\/wp\/v2\/media\/9714"}],"wp:attachment":[{"href":"https:\/\/realidadsur.com.ar\/index.php?rest_route=%2Fwp%2Fv2%2Fmedia&parent=10747"}],"wp:term":[{"taxonomy":"category","embeddable":true,"href":"https:\/\/realidadsur.com.ar\/index.php?rest_route=%2Fwp%2Fv2%2Fcategories&post=10747"},{"taxonomy":"post_tag","embeddable":true,"href":"https:\/\/realidadsur.com.ar\/index.php?rest_route=%2Fwp%2Fv2%2Ftags&post=10747"}],"curies":[{"name":"wp","href":"https:\/\/api.w.org\/{rel}","templated":true}]}}