{"id":10912,"date":"2025-04-23T15:14:19","date_gmt":"2025-04-23T18:14:19","guid":{"rendered":"https:\/\/realidadsur.com.ar\/?p=10912"},"modified":"2025-04-23T15:14:21","modified_gmt":"2025-04-23T18:14:21","slug":"a-contramano-de-milei-los-concejales-de-lla-de-berazategui-piden-obra-publica","status":"publish","type":"post","link":"https:\/\/realidadsur.com.ar\/?p=10912","title":{"rendered":"A CONTRAMANO DE MILEI, LOS CONCEJALES DE LLA DE BERAZATEGUI PIDEN OBRA P\u00daBLICA"},"content":{"rendered":"\n<p>Concejales de la Libertad Avanza pidieron que se apuren distintas obras p\u00fablicas en Berazategui, a contramano de la propuesta del propio presidente de la Naci\u00f3n, Javier Milei.<\/p>\n\n\n\n<p>Al comienzo de su gesti\u00f3n, desde el Gobierno nacional se fren\u00f3 la obra p\u00fablica con la consecuente p\u00e9rdida de puestos laborales, que incluso ha sido explicitada por la UOCRA.<\/p>\n\n\n\n<p>Milei propon\u00eda un sistema de obra p\u00fablica &#8220;a la chilena&#8221; para el despegue de este sector. Este sistema es el que reza que una empresa que propone hacer una obra p\u00fablica porque hay una demanda, luego cobra con alg\u00fan sistema de recupero sea un alquiler, o un peaje.<\/p>\n\n\n\n<p>Algo parecido hab\u00eda realizado Mauricio Macri en su gobierno con los Proyectos P\u00fablicos de Participaci\u00f3n Privada (PPP), sin embargo no se pudo realizar ninguna obra bajo ese concepto.<\/p>\n\n\n\n<figure class=\"wp-block-image aligncenter size-large is-resized\"><img data-recalc-dims=\"1\" loading=\"lazy\" decoding=\"async\" width=\"640\" height=\"452\" src=\"https:\/\/i0.wp.com\/realidadsur.com.ar\/wp-content\/uploads\/2025\/04\/GpO5yeZXsAAJ49O-1024x723.jpg?resize=640%2C452&#038;ssl=1\" alt=\"\" class=\"wp-image-10913\" style=\"width:468px;height:auto\" srcset=\"https:\/\/i0.wp.com\/realidadsur.com.ar\/wp-content\/uploads\/2025\/04\/GpO5yeZXsAAJ49O.jpg?resize=1024%2C723&amp;ssl=1 1024w, https:\/\/i0.wp.com\/realidadsur.com.ar\/wp-content\/uploads\/2025\/04\/GpO5yeZXsAAJ49O.jpg?resize=300%2C212&amp;ssl=1 300w, https:\/\/i0.wp.com\/realidadsur.com.ar\/wp-content\/uploads\/2025\/04\/GpO5yeZXsAAJ49O.jpg?resize=768%2C542&amp;ssl=1 768w, https:\/\/i0.wp.com\/realidadsur.com.ar\/wp-content\/uploads\/2025\/04\/GpO5yeZXsAAJ49O.jpg?w=1523&amp;ssl=1 1523w, https:\/\/i0.wp.com\/realidadsur.com.ar\/wp-content\/uploads\/2025\/04\/GpO5yeZXsAAJ49O.jpg?w=1280 1280w\" sizes=\"auto, (max-width: 640px) 100vw, 640px\" \/><\/figure>\n\n\n\n<p>Sin embargo, ma\u00f1ana en el Concejo Deliberante de Berazategui se tratar\u00e1 en &#8220;Asuntos entrados&#8221; tres proyectos de pavimentaci\u00f3n de calles presentados por concejales que responden a Javier Milei. Las calles son las comprendidas por 57, entre 134 y 137, 359b, entre Milazzo y 316; y 118, entre 57a y 59.<\/p>\n\n\n\n<p>Las obras, si bien necesarias, afectar\u00e1n las cuentas municipales ya que desde el a\u00f1o pasado la coparticipaci\u00f3n se ha visto disminuida en valores hist\u00f3ricos.<\/p>\n\n\n\n<p>Incluso, hoy el ministro de Obras P\u00fablicas bonaerenses, Gabriel Katopodis, destac\u00f3: &#8220;Hoy se cumplen #500D\u00edasSinObraP\u00fablicaNacional. Nuestra responsabilidad, y sobre todo nuestra convicci\u00f3n, nos moviliza a estar ac\u00e1 hoy con<br>Axel Kicillof, intendentes e intendentas de la Argentina porque no vamos a bajar los brazos cuando se trata de decidir qu\u00e9 pa\u00eds queremos&#8221;.<\/p>\n\n\n\n<p>&#8220;El plan de Milei no tiene obra p\u00fablica, el plan del FMI no va a tener infraestructura para el desarrollo. Es decisi\u00f3n del gobernador construir todos los d\u00edas una provincia y una Argentina mejor&#8221;, asever\u00f3.<\/p>\n","protected":false},"excerpt":{"rendered":"<p>Concejales de la Libertad Avanza pidieron que se apuren distintas obras p\u00fablicas en Berazategui, a&#8230;<\/p>\n","protected":false},"author":2,"featured_media":10914,"comment_status":"open","ping_status":"open","sticky":false,"template":"","format":"standard","meta":{"_jetpack_memberships_contains_paid_content":false,"footnotes":""},"categories":[6,3,4],"tags":[24,11,200],"class_list":["post-10912","post","type-post","status-publish","format-standard","has-post-thumbnail","hentry","category-berazategui","category-nacion","category-provincia","tag-axel-kicillof","tag-berazategui","tag-javier-milei"],"jetpack_featured_media_url":"https:\/\/i0.wp.com\/realidadsur.com.ar\/wp-content\/uploads\/2025\/04\/image-1-1.png?fit=635%2C307&ssl=1","jetpack_sharing_enabled":true,"_links":{"self":[{"href":"https:\/\/realidadsur.com.ar\/index.php?rest_route=\/wp\/v2\/posts\/10912","targetHints":{"allow":["GET"]}}],"collection":[{"href":"https:\/\/realidadsur.com.ar\/index.php?rest_route=\/wp\/v2\/posts"}],"about":[{"href":"https:\/\/realidadsur.com.ar\/index.php?rest_route=\/wp\/v2\/types\/post"}],"author":[{"embeddable":true,"href":"https:\/\/realidadsur.com.ar\/index.php?rest_route=\/wp\/v2\/users\/2"}],"replies":[{"embeddable":true,"href":"https:\/\/realidadsur.com.ar\/index.php?rest_route=%2Fwp%2Fv2%2Fcomments&post=10912"}],"version-history":[{"count":1,"href":"https:\/\/realidadsur.com.ar\/index.php?rest_route=\/wp\/v2\/posts\/10912\/revisions"}],"predecessor-version":[{"id":10915,"href":"https:\/\/realidadsur.com.ar\/index.php?rest_route=\/wp\/v2\/posts\/10912\/revisions\/10915"}],"wp:featuredmedia":[{"embeddable":true,"href":"https:\/\/realidadsur.com.ar\/index.php?rest_route=\/wp\/v2\/media\/10914"}],"wp:attachment":[{"href":"https:\/\/realidadsur.com.ar\/index.php?rest_route=%2Fwp%2Fv2%2Fmedia&parent=10912"}],"wp:term":[{"taxonomy":"category","embeddable":true,"href":"https:\/\/realidadsur.com.ar\/index.php?rest_route=%2Fwp%2Fv2%2Fcategories&post=10912"},{"taxonomy":"post_tag","embeddable":true,"href":"https:\/\/realidadsur.com.ar\/index.php?rest_route=%2Fwp%2Fv2%2Ftags&post=10912"}],"curies":[{"name":"wp","href":"https:\/\/api.w.org\/{rel}","templated":true}]}}