{"id":10916,"date":"2025-04-24T14:18:11","date_gmt":"2025-04-24T17:18:11","guid":{"rendered":"https:\/\/realidadsur.com.ar\/?p=10916"},"modified":"2025-04-24T14:18:13","modified_gmt":"2025-04-24T17:18:13","slug":"milei-dijo-que-el-papa-francisco-fue-el-argentino-mas-importante-de-la-historia","status":"publish","type":"post","link":"https:\/\/realidadsur.com.ar\/?p=10916","title":{"rendered":"MILEI DIJO QUE EL PAPA FRANCISCO FUE EL ARGENTINO M\u00c1S IMPORTANTE DE LA HISTORIA"},"content":{"rendered":"\n<p>El presidente de la Naci\u00f3n, Javier Milei, se refiri\u00f3 al fallecimiento del papa Francisco y asegur\u00f3 que fue \u201cel argentino m\u00e1s importante de la historia\u201d y remarc\u00f3 que quienes tuvieron la posibilidad de conocerlo en persona, saben que \u201cera un l\u00edder impresionante\u201d.<\/p>\n\n\n\n<p>En declaraciones a Radio Rivadavia, al ser consultado sobre si iba a estar presente en el funeral del Sumo Pont\u00edfice en el Vaticano, confirm\u00f3 su presencia y asever\u00f3 que &#8220;no puede dejar de asistir a un evento de esta altura\u201d.<\/p>\n\n\n\n<p>Desde Casa Rosada, informaron que Milei viajar\u00e1 esta noche, cerca de las 00hs., hacia Roma donde estar\u00e1 presente en el \u00faltimo adi\u00f3s al Papa Francisco y solo tendr\u00e1 \u201ccontactos formales\u201d con el resto de los presidentes que asistan, como es el caso de Donald Trump (Estados Unidos), Giorgia Meloni (Italia) e Inacio \u2018Lula\u2019 da Silva (Brasil).<\/p>\n\n\n\n<p>El funeral de Francisco se llevar\u00e1 acabo este s\u00e1bado a las 10 de la ma\u00f1ana (hora local) en la Bas\u00edlica de San Pedro y el Presidente estar\u00e1 all\u00ed junto a seis funcionarios que lo acompa\u00f1ar\u00e1n: la secretaria general de la Presidencia y hermana del mandatario, Karina Milei; el jefe de Gabinete, Guillermo Francos; el vocero presidencial, Manuel Adorni; el canciller argentino Gerardo Werthein; y las ministras Patricia Bullrich (Seguridad Nacional) y Sandra Pettovello (Capital Humano).<\/p>\n","protected":false},"excerpt":{"rendered":"<p>El presidente de la Naci\u00f3n, Javier Milei, se refiri\u00f3 al fallecimiento del papa Francisco y&#8230;<\/p>\n","protected":false},"author":2,"featured_media":10917,"comment_status":"open","ping_status":"open","sticky":false,"template":"","format":"standard","meta":{"_jetpack_memberships_contains_paid_content":false,"footnotes":""},"categories":[8,3],"tags":[200,112],"class_list":["post-10916","post","type-post","status-publish","format-standard","has-post-thumbnail","hentry","category-interes-general","category-nacion","tag-javier-milei","tag-papa-francisco"],"jetpack_featured_media_url":"https:\/\/i0.wp.com\/realidadsur.com.ar\/wp-content\/uploads\/2025\/04\/El-Papa-es-comunista-dice-Milei.png?fit=999%2C544&ssl=1","jetpack_sharing_enabled":true,"_links":{"self":[{"href":"https:\/\/realidadsur.com.ar\/index.php?rest_route=\/wp\/v2\/posts\/10916","targetHints":{"allow":["GET"]}}],"collection":[{"href":"https:\/\/realidadsur.com.ar\/index.php?rest_route=\/wp\/v2\/posts"}],"about":[{"href":"https:\/\/realidadsur.com.ar\/index.php?rest_route=\/wp\/v2\/types\/post"}],"author":[{"embeddable":true,"href":"https:\/\/realidadsur.com.ar\/index.php?rest_route=\/wp\/v2\/users\/2"}],"replies":[{"embeddable":true,"href":"https:\/\/realidadsur.com.ar\/index.php?rest_route=%2Fwp%2Fv2%2Fcomments&post=10916"}],"version-history":[{"count":1,"href":"https:\/\/realidadsur.com.ar\/index.php?rest_route=\/wp\/v2\/posts\/10916\/revisions"}],"predecessor-version":[{"id":10918,"href":"https:\/\/realidadsur.com.ar\/index.php?rest_route=\/wp\/v2\/posts\/10916\/revisions\/10918"}],"wp:featuredmedia":[{"embeddable":true,"href":"https:\/\/realidadsur.com.ar\/index.php?rest_route=\/wp\/v2\/media\/10917"}],"wp:attachment":[{"href":"https:\/\/realidadsur.com.ar\/index.php?rest_route=%2Fwp%2Fv2%2Fmedia&parent=10916"}],"wp:term":[{"taxonomy":"category","embeddable":true,"href":"https:\/\/realidadsur.com.ar\/index.php?rest_route=%2Fwp%2Fv2%2Fcategories&post=10916"},{"taxonomy":"post_tag","embeddable":true,"href":"https:\/\/realidadsur.com.ar\/index.php?rest_route=%2Fwp%2Fv2%2Ftags&post=10916"}],"curies":[{"name":"wp","href":"https:\/\/api.w.org\/{rel}","templated":true}]}}