{"id":10963,"date":"2025-04-26T15:04:45","date_gmt":"2025-04-26T18:04:45","guid":{"rendered":"https:\/\/realidadsur.com.ar\/?p=10963"},"modified":"2025-04-26T15:04:46","modified_gmt":"2025-04-26T18:04:46","slug":"maria-becerra-dejo-la-clinica-y-volvio-a-su-hogar","status":"publish","type":"post","link":"https:\/\/realidadsur.com.ar\/?p=10963","title":{"rendered":"MAR\u00cdA BECERRA DEJ\u00d3 LA CL\u00cdNICA Y VOLVI\u00d3 A SU HOGAR"},"content":{"rendered":"\n<p>La cantante quilme\u00f1a Mar\u00eda Becerra retorn\u00f3 a su hogar luego de volver a atravesar un embarazo ect\u00f3pico, dado que deriv\u00f3 en un cuadro de shock hipovol\u00e9mico con abdomen agudo y este mediod\u00eda comparti\u00f3 una im\u00e1gen en sus redes sociales en donde sostuvo que \u201cs\u00f3lo queda seguir sanando\u201d.<\/p>\n\n\n\n<p>La cirug\u00eda a causa de la hemorragia interna con riesgo de vida dej\u00f3 a la cantante de 25 a\u00f1os en la unidad de terapia intensiva en la cl\u00ednica Zabala de Belgrano. Tras recibir el alta, la artista comparti\u00f3 un emotivo mensaje en donde agradeci\u00f3 \u201ca mi Dios que me diste una segunda oportunidad\u201d.<\/p>\n\n\n\n<p>\u201cVolviendo a casa con el amor de mi vida. No alcanzan las palabras para agradecerte por haberme salvado la vida, por cuidarme como lo hiciste todos estos d\u00edas. Ahora solo queda seguir sanando y rodearnos de amor. Gracias mi dios que me diste una segunda oportunidad de vida\u201d, escribi\u00f3 en una im\u00e1gen junto a su novio, Juli\u00e1n &#8220;Rei&#8221; Reininger.<\/p>\n\n\n\n<p>\u201cGracias a todos\/as por esos mensajes llenos de amor y empat\u00eda. Voy a dejar toda comunicaci\u00f3n a manos de mi equipo. Lo \u00fanico que quiero hacer ahora es descansar, procesar, llorar todo lo que me queda por llorar, recuperar mi cuerpo, mi fuerza. abrazarme a Juli -Reininger-, sanar, ver a mis sobrinas a los ojitos, abrazarlas, sentir el amor de mis seres queridos, ver las plantas, sentir el olor a la tierra mojada, tocar el agua y ver el sol\u201d, concluy\u00f3 Becerra.<\/p>\n","protected":false},"excerpt":{"rendered":"<p>La cantante quilme\u00f1a Mar\u00eda Becerra retorn\u00f3 a su hogar luego de volver a atravesar un&#8230;<\/p>\n","protected":false},"author":2,"featured_media":10964,"comment_status":"open","ping_status":"open","sticky":false,"template":"","format":"standard","meta":{"_jetpack_memberships_contains_paid_content":false,"footnotes":""},"categories":[1],"tags":[],"class_list":["post-10963","post","type-post","status-publish","format-standard","has-post-thumbnail","hentry","category-sin-categoria"],"jetpack_featured_media_url":"https:\/\/i0.wp.com\/realidadsur.com.ar\/wp-content\/uploads\/2025\/04\/Maria-Becerra-agradecio-la-preocupacion-de-sus-fans.webp?fit=576%2C720&ssl=1","jetpack_sharing_enabled":true,"_links":{"self":[{"href":"https:\/\/realidadsur.com.ar\/index.php?rest_route=\/wp\/v2\/posts\/10963","targetHints":{"allow":["GET"]}}],"collection":[{"href":"https:\/\/realidadsur.com.ar\/index.php?rest_route=\/wp\/v2\/posts"}],"about":[{"href":"https:\/\/realidadsur.com.ar\/index.php?rest_route=\/wp\/v2\/types\/post"}],"author":[{"embeddable":true,"href":"https:\/\/realidadsur.com.ar\/index.php?rest_route=\/wp\/v2\/users\/2"}],"replies":[{"embeddable":true,"href":"https:\/\/realidadsur.com.ar\/index.php?rest_route=%2Fwp%2Fv2%2Fcomments&post=10963"}],"version-history":[{"count":1,"href":"https:\/\/realidadsur.com.ar\/index.php?rest_route=\/wp\/v2\/posts\/10963\/revisions"}],"predecessor-version":[{"id":10965,"href":"https:\/\/realidadsur.com.ar\/index.php?rest_route=\/wp\/v2\/posts\/10963\/revisions\/10965"}],"wp:featuredmedia":[{"embeddable":true,"href":"https:\/\/realidadsur.com.ar\/index.php?rest_route=\/wp\/v2\/media\/10964"}],"wp:attachment":[{"href":"https:\/\/realidadsur.com.ar\/index.php?rest_route=%2Fwp%2Fv2%2Fmedia&parent=10963"}],"wp:term":[{"taxonomy":"category","embeddable":true,"href":"https:\/\/realidadsur.com.ar\/index.php?rest_route=%2Fwp%2Fv2%2Fcategories&post=10963"},{"taxonomy":"post_tag","embeddable":true,"href":"https:\/\/realidadsur.com.ar\/index.php?rest_route=%2Fwp%2Fv2%2Ftags&post=10963"}],"curies":[{"name":"wp","href":"https:\/\/api.w.org\/{rel}","templated":true}]}}