{"id":11208,"date":"2025-05-14T18:52:16","date_gmt":"2025-05-14T21:52:16","guid":{"rendered":"https:\/\/realidadsur.com.ar\/?p=11208"},"modified":"2025-05-14T18:52:17","modified_gmt":"2025-05-14T21:52:17","slug":"la-inflacion-oficial-fue-de-28-por-ciento","status":"publish","type":"post","link":"https:\/\/realidadsur.com.ar\/?p=11208","title":{"rendered":"LA INFLACI\u00d3N OFICIAL FUE DE 2,8 POR CIENTO"},"content":{"rendered":"\n<p><a><\/a>La inflaci\u00f3n fue del 2,8% en abril y acumula una suba del 47,3% en los \u00faltimos doce meses, inform\u00f3 hoy el INDEC.<\/p>\n\n\n\n<p>En lo que va del a\u00f1o, los precios al consumidor registraron un alza del 11,6%.<\/p>\n\n\n\n<p>La divisi\u00f3n de mayor aumento en el mes fue Restaurantes y hoteles (4,1%), por subas en los alimentos y bebidas consumidos fuera del hogar.<\/p>\n\n\n\n<p>Le sigui\u00f3 Recreaci\u00f3n y cultura (4%), principalmente por incrementos en Servicios recreativos y culturales.<\/p>\n\n\n\n<p>La divisi\u00f3n que registr\u00f3 la mayor incidencia en todas las regiones fue Alimentos y bebidas no alcoh\u00f3licas (2,9%), por los aumentos en Carnes y derivados, Leche, productos l\u00e1cteos y huevos y Pan y cereales.<\/p>\n","protected":false},"excerpt":{"rendered":"<p>La inflaci\u00f3n fue del 2,8% en abril y acumula una suba del 47,3% en los&#8230;<\/p>\n","protected":false},"author":2,"featured_media":11209,"comment_status":"open","ping_status":"open","sticky":false,"template":"","format":"standard","meta":{"_jetpack_memberships_contains_paid_content":false,"footnotes":""},"categories":[3],"tags":[],"class_list":["post-11208","post","type-post","status-publish","format-standard","has-post-thumbnail","hentry","category-nacion"],"jetpack_featured_media_url":"https:\/\/i0.wp.com\/realidadsur.com.ar\/wp-content\/uploads\/2025\/05\/image.jpg?fit=1024%2C768&ssl=1","jetpack_sharing_enabled":true,"_links":{"self":[{"href":"https:\/\/realidadsur.com.ar\/index.php?rest_route=\/wp\/v2\/posts\/11208","targetHints":{"allow":["GET"]}}],"collection":[{"href":"https:\/\/realidadsur.com.ar\/index.php?rest_route=\/wp\/v2\/posts"}],"about":[{"href":"https:\/\/realidadsur.com.ar\/index.php?rest_route=\/wp\/v2\/types\/post"}],"author":[{"embeddable":true,"href":"https:\/\/realidadsur.com.ar\/index.php?rest_route=\/wp\/v2\/users\/2"}],"replies":[{"embeddable":true,"href":"https:\/\/realidadsur.com.ar\/index.php?rest_route=%2Fwp%2Fv2%2Fcomments&post=11208"}],"version-history":[{"count":1,"href":"https:\/\/realidadsur.com.ar\/index.php?rest_route=\/wp\/v2\/posts\/11208\/revisions"}],"predecessor-version":[{"id":11210,"href":"https:\/\/realidadsur.com.ar\/index.php?rest_route=\/wp\/v2\/posts\/11208\/revisions\/11210"}],"wp:featuredmedia":[{"embeddable":true,"href":"https:\/\/realidadsur.com.ar\/index.php?rest_route=\/wp\/v2\/media\/11209"}],"wp:attachment":[{"href":"https:\/\/realidadsur.com.ar\/index.php?rest_route=%2Fwp%2Fv2%2Fmedia&parent=11208"}],"wp:term":[{"taxonomy":"category","embeddable":true,"href":"https:\/\/realidadsur.com.ar\/index.php?rest_route=%2Fwp%2Fv2%2Fcategories&post=11208"},{"taxonomy":"post_tag","embeddable":true,"href":"https:\/\/realidadsur.com.ar\/index.php?rest_route=%2Fwp%2Fv2%2Ftags&post=11208"}],"curies":[{"name":"wp","href":"https:\/\/api.w.org\/{rel}","templated":true}]}}