{"id":11268,"date":"2025-05-18T17:44:59","date_gmt":"2025-05-18T20:44:59","guid":{"rendered":"https:\/\/realidadsur.com.ar\/?p=11268"},"modified":"2025-05-18T17:45:00","modified_gmt":"2025-05-18T20:45:00","slug":"se-realizo-el-bera-folk-el-certamen-de-folclore-de-berazategui","status":"publish","type":"post","link":"https:\/\/realidadsur.com.ar\/?p=11268","title":{"rendered":"SE REALIZ\u00d3 EL BERA FOLK: EL CERTAMEN DE FOLCLORE DE BERAZATEGUI"},"content":{"rendered":"\n<p>Se realiz\u00f3 la segunda edici\u00f3n de Bera Folk, el Certamen Nacional de Danzas Folcl\u00f3ricas de Berazategui. Fue entre este s\u00e1bado 17 y domingo 18 de mayo, de 10.00 a 22.00, en el Centro Municipal de Actividades Roberto De Vicenzo, ubicado en calle 18 y 148. Participaron bailarines y bailarinas del g\u00e9nero, de todo el pa\u00eds. Esta propuesta, fue impulsada por el intendente Juan Jos\u00e9 Mussi, y es organizada por la Secretar\u00eda de Cultura y Educaci\u00f3n de la Municipalidad de Berazategui.<\/p>\n\n\n\n<p>Al respecto, el secretario de Cultura y Educaci\u00f3n, Federico L\u00f3pez, inform\u00f3: \u201cSi bien es la segunda edici\u00f3n, el Bera Folk es uno de los cert\u00e1menes del g\u00e9nero m\u00e1s participativos de toda la provincia de Buenos Aires. Y esto es un orgullo para nuestra ciudad, porque es el resultado de una pol\u00edtica p\u00fablica cultural que nuestro Intendente viene llevando adelante desde hace muchos a\u00f1os\u201d.<\/p>\n\n\n\n<p>Luego, agreg\u00f3: \u201cEstamos entusiasmados; en esta edici\u00f3n se inscribieron m\u00e1s de mil participantes de todas las categor\u00edas, triplicando la cantidad que tuvimos en la primera. As\u00ed que invitamos a todos los vecinos a disfrutar de este evento competitivo de alt\u00edsimo nivel\u201d.<\/p>\n\n\n\n<p>Participan todos los ballets, escuelas, academias, conjuntos oficiales y privados; como as\u00ed tambi\u00e9n solistas de distintos puntos del pa\u00eds. Las categor\u00edas son: infantiles (hasta los 14 a\u00f1os inclusive), juveniles (de 15 a 18 a\u00f1os), mayores (de 19 a 37 a\u00f1os inclusive) y adultos (de 38 a\u00f1os en adelante). En tanto, los rubros son malambo, danza tradicional y danza estilizada, entre otras.<\/p>\n","protected":false},"excerpt":{"rendered":"<p>Se realiz\u00f3 la segunda edici\u00f3n de Bera Folk, el Certamen Nacional de Danzas Folcl\u00f3ricas de&#8230;<\/p>\n","protected":false},"author":2,"featured_media":11269,"comment_status":"open","ping_status":"open","sticky":false,"template":"","format":"standard","meta":{"_jetpack_memberships_contains_paid_content":false,"footnotes":""},"categories":[6],"tags":[11,47,9],"class_list":["post-11268","post","type-post","status-publish","format-standard","has-post-thumbnail","hentry","category-berazategui","tag-berazategui","tag-federico-lopez","tag-juan-jose-mussi"],"jetpack_featured_media_url":"https:\/\/i0.wp.com\/realidadsur.com.ar\/wp-content\/uploads\/2025\/05\/LLEGA-BERA-FOLK-EL-CERTAMEN-DE-FOLCLORE-DE-BERAZATEGUI.jpg?fit=1920%2C1279&ssl=1","jetpack_sharing_enabled":true,"_links":{"self":[{"href":"https:\/\/realidadsur.com.ar\/index.php?rest_route=\/wp\/v2\/posts\/11268","targetHints":{"allow":["GET"]}}],"collection":[{"href":"https:\/\/realidadsur.com.ar\/index.php?rest_route=\/wp\/v2\/posts"}],"about":[{"href":"https:\/\/realidadsur.com.ar\/index.php?rest_route=\/wp\/v2\/types\/post"}],"author":[{"embeddable":true,"href":"https:\/\/realidadsur.com.ar\/index.php?rest_route=\/wp\/v2\/users\/2"}],"replies":[{"embeddable":true,"href":"https:\/\/realidadsur.com.ar\/index.php?rest_route=%2Fwp%2Fv2%2Fcomments&post=11268"}],"version-history":[{"count":1,"href":"https:\/\/realidadsur.com.ar\/index.php?rest_route=\/wp\/v2\/posts\/11268\/revisions"}],"predecessor-version":[{"id":11270,"href":"https:\/\/realidadsur.com.ar\/index.php?rest_route=\/wp\/v2\/posts\/11268\/revisions\/11270"}],"wp:featuredmedia":[{"embeddable":true,"href":"https:\/\/realidadsur.com.ar\/index.php?rest_route=\/wp\/v2\/media\/11269"}],"wp:attachment":[{"href":"https:\/\/realidadsur.com.ar\/index.php?rest_route=%2Fwp%2Fv2%2Fmedia&parent=11268"}],"wp:term":[{"taxonomy":"category","embeddable":true,"href":"https:\/\/realidadsur.com.ar\/index.php?rest_route=%2Fwp%2Fv2%2Fcategories&post=11268"},{"taxonomy":"post_tag","embeddable":true,"href":"https:\/\/realidadsur.com.ar\/index.php?rest_route=%2Fwp%2Fv2%2Ftags&post=11268"}],"curies":[{"name":"wp","href":"https:\/\/api.w.org\/{rel}","templated":true}]}}