{"id":11313,"date":"2025-05-21T19:51:35","date_gmt":"2025-05-21T22:51:35","guid":{"rendered":"https:\/\/realidadsur.com.ar\/?p=11313"},"modified":"2025-05-21T23:27:43","modified_gmt":"2025-05-22T02:27:43","slug":"mussi-y-bianco-acordaron-que-se-dicten-tres-nuevas-carreras-en-el-centro-universitario-de-berazategui","status":"publish","type":"post","link":"https:\/\/realidadsur.com.ar\/?p=11313","title":{"rendered":"MUSSI Y BIANCO ACORDARON QUE SE DICTEN TRES NUEVAS CARRERAS EN EL CENTRO UNIVERSITARIO DE BERAZATEGUI"},"content":{"rendered":"\n<p>Con el objetivo de garantizar el acceso a la educaci\u00f3n p\u00fablica y gratuita universitaria a m\u00e1s vecinos y vecinas, la Municipalidad de Berazategui se adhiri\u00f3 al Programa provincial Puentes. El convenio fue firmado por el ministro de Gobierno bonaerense, Carlos Bianco; el intendente Juan Jos\u00e9 Mussi; y el rector de la Universidad Nacional Arturo Jauretche (UNAJ), Arnaldo Medina. Se trata de una iniciativa del gobernador Axel Kicillof, para llevar conocimiento y desarrollo a las y los bonaerenses.<\/p>\n\n\n\n<p><br>A trav\u00e9s de la firma del convenio por parte de las autoridades, el Gobierno provincial se encargar\u00e1 de subsidiar el dictado de tres propuestas de la UNAJ en la ciudad: las Diplomaturas de Vinculaci\u00f3n en Inteligencia Artificial; en Producci\u00f3n Agroecol\u00f3gica; y en Comercializaci\u00f3n y Comunicaci\u00f3n para Emprendedores.<\/p>\n\n\n\n<figure class=\"wp-block-image aligncenter size-large is-resized\"><img data-recalc-dims=\"1\" loading=\"lazy\" decoding=\"async\" width=\"640\" height=\"426\" src=\"https:\/\/i0.wp.com\/realidadsur.com.ar\/wp-content\/uploads\/2025\/05\/BERAZATEGUI-SE-ADHIRIO-AL-PROGRAMA-PROVINCIAL-PUENTES-3-1024x682.jpg?resize=640%2C426&#038;ssl=1\" alt=\"\" class=\"wp-image-11322\" style=\"width:408px;height:auto\" srcset=\"https:\/\/i0.wp.com\/realidadsur.com.ar\/wp-content\/uploads\/2025\/05\/BERAZATEGUI-SE-ADHIRIO-AL-PROGRAMA-PROVINCIAL-PUENTES-3.jpg?resize=1024%2C682&amp;ssl=1 1024w, https:\/\/i0.wp.com\/realidadsur.com.ar\/wp-content\/uploads\/2025\/05\/BERAZATEGUI-SE-ADHIRIO-AL-PROGRAMA-PROVINCIAL-PUENTES-3.jpg?resize=300%2C200&amp;ssl=1 300w, https:\/\/i0.wp.com\/realidadsur.com.ar\/wp-content\/uploads\/2025\/05\/BERAZATEGUI-SE-ADHIRIO-AL-PROGRAMA-PROVINCIAL-PUENTES-3.jpg?resize=768%2C512&amp;ssl=1 768w, https:\/\/i0.wp.com\/realidadsur.com.ar\/wp-content\/uploads\/2025\/05\/BERAZATEGUI-SE-ADHIRIO-AL-PROGRAMA-PROVINCIAL-PUENTES-3.jpg?resize=1536%2C1023&amp;ssl=1 1536w, https:\/\/i0.wp.com\/realidadsur.com.ar\/wp-content\/uploads\/2025\/05\/BERAZATEGUI-SE-ADHIRIO-AL-PROGRAMA-PROVINCIAL-PUENTES-3.jpg?w=1600&amp;ssl=1 1600w, https:\/\/i0.wp.com\/realidadsur.com.ar\/wp-content\/uploads\/2025\/05\/BERAZATEGUI-SE-ADHIRIO-AL-PROGRAMA-PROVINCIAL-PUENTES-3.jpg?w=1280 1280w\" sizes=\"auto, (max-width: 640px) 100vw, 640px\" \/><\/figure>\n\n\n\n<p><br>\u201cEstamos en un momento en el que capacitarse es fundamental, a nivel individual y como necesidad social. Sin embargo, hoy parecer\u00eda que prevalece el \u2018s\u00e1lvese quien pueda\u2019 y el arreglarse solo, algo que lamentablemente se reproduce en ciertos niveles de gobierno. Desde el Gobierno de la provincia de Buenos Aires, en cambio, se apuesta a otra cosa y nosotros lo recibimos con los brazos abiertos\u201d, expres\u00f3 Mussi.\u00a0<\/p>\n\n\n\n<p><br>Y subray\u00f3: \u201cQuiero agradecer profundamente al gobernador Axel Kicillof y al ministro Carlos Bianco por esta ayuda tan trascendental. Tenemos un Gobernador que quiere la justicia social. Estamos unidos en este esfuerzo por acercar la educaci\u00f3n a los que m\u00e1s la necesitan\u201d.<\/p>\n\n\n\n<p><br>En el marco de la actividad, el ministro Bianco afirm\u00f3: &#8220;Con PUENTES estamos acercando la posibilidad de estudiar cada vez m\u00e1s carreras universitarias en los barrios, m\u00e1s cerca de la gente. Las y los j\u00f3venes quieren estudiar y trabajar, y es nuestra responsabilidad generar esas oportunidades. Como nos dice siempre el Gobernador, nosotros vinimos a mejorarle las condiciones materiales de vida a la gente y trabajamos para eso todos los d\u00edas. Lo hacemos con quienes tenemos que hacerlo en los territorios: los intendentes y las universidades; y vamos a seguir haci\u00e9ndolo porque es un mandato que el pueblo le dio al Gobernador\u201d. Y agreg\u00f3: \u201cDesde el Gobierno bonaerense trabajamos para mejorarle la vida a la gente y lograr que cada d\u00eda sean m\u00e1s felices. Eso es la justicia social. Y eso, en mi barrio -Villa Armon\u00eda, de Quilmes- y en Berazategui, se llama Peronismo\u201d.\u00a0<br>Por su parte, Arnaldo Medina destac\u00f3: \u201cLas universidades nunca hemos trabajado con el Gobierno provincial como lo estamos haciendo en este periodo, recibiendo la visita de todos los ministros bonaerenses. Somos 23 universidades en Buenos Aires y todas vivimos lo mismo\u201d. Asimismo, resalt\u00f3: \u201cEl Programa PUENTES significa mucho para nosotros, porque la inclusi\u00f3n educativa tambi\u00e9n es uno de nuestros grandes objetivos\u201d.\u00a0<br>La ceremonia cont\u00f3, adem\u00e1s, con la presencia del director Provincial de Vinculaci\u00f3n con\u00a0las Universidades, Juan Brardinelli; integrantes del Gabinete municipal y del Consejo Escolar de Berazategui; industriales, emprendedores, productores culturales y agroecol\u00f3gicos, adem\u00e1s de estudiantes de escuelas t\u00e9cnicas y agrarias.<\/p>\n\n\n\n<p>carreras en 72 municipios.<\/p>\n","protected":false},"excerpt":{"rendered":"<p>Con el objetivo de garantizar el acceso a la educaci\u00f3n p\u00fablica y gratuita universitaria a&#8230;<\/p>\n","protected":false},"author":2,"featured_media":11314,"comment_status":"open","ping_status":"open","sticky":false,"template":"","format":"standard","meta":{"_jetpack_memberships_contains_paid_content":false,"footnotes":""},"categories":[6,7,4],"tags":[24,11,9,3010],"class_list":["post-11313","post","type-post","status-publish","format-standard","has-post-thumbnail","hentry","category-berazategui","category-florencio-varela","category-provincia","tag-axel-kicillof","tag-berazategui","tag-juan-jose-mussi","tag-unaj"],"jetpack_featured_media_url":"https:\/\/i0.wp.com\/realidadsur.com.ar\/wp-content\/uploads\/2025\/05\/foto2_7.jpeg?fit=743%2C530&ssl=1","jetpack_sharing_enabled":true,"_links":{"self":[{"href":"https:\/\/realidadsur.com.ar\/index.php?rest_route=\/wp\/v2\/posts\/11313","targetHints":{"allow":["GET"]}}],"collection":[{"href":"https:\/\/realidadsur.com.ar\/index.php?rest_route=\/wp\/v2\/posts"}],"about":[{"href":"https:\/\/realidadsur.com.ar\/index.php?rest_route=\/wp\/v2\/types\/post"}],"author":[{"embeddable":true,"href":"https:\/\/realidadsur.com.ar\/index.php?rest_route=\/wp\/v2\/users\/2"}],"replies":[{"embeddable":true,"href":"https:\/\/realidadsur.com.ar\/index.php?rest_route=%2Fwp%2Fv2%2Fcomments&post=11313"}],"version-history":[{"count":2,"href":"https:\/\/realidadsur.com.ar\/index.php?rest_route=\/wp\/v2\/posts\/11313\/revisions"}],"predecessor-version":[{"id":11324,"href":"https:\/\/realidadsur.com.ar\/index.php?rest_route=\/wp\/v2\/posts\/11313\/revisions\/11324"}],"wp:featuredmedia":[{"embeddable":true,"href":"https:\/\/realidadsur.com.ar\/index.php?rest_route=\/wp\/v2\/media\/11314"}],"wp:attachment":[{"href":"https:\/\/realidadsur.com.ar\/index.php?rest_route=%2Fwp%2Fv2%2Fmedia&parent=11313"}],"wp:term":[{"taxonomy":"category","embeddable":true,"href":"https:\/\/realidadsur.com.ar\/index.php?rest_route=%2Fwp%2Fv2%2Fcategories&post=11313"},{"taxonomy":"post_tag","embeddable":true,"href":"https:\/\/realidadsur.com.ar\/index.php?rest_route=%2Fwp%2Fv2%2Ftags&post=11313"}],"curies":[{"name":"wp","href":"https:\/\/api.w.org\/{rel}","templated":true}]}}