{"id":11363,"date":"2025-05-23T16:50:58","date_gmt":"2025-05-23T19:50:58","guid":{"rendered":"https:\/\/realidadsur.com.ar\/?p=11363"},"modified":"2025-05-23T16:51:00","modified_gmt":"2025-05-23T19:51:00","slug":"en-el-dia-mundial-del-melanoma-difunden-comprevenir-a-tiempo","status":"publish","type":"post","link":"https:\/\/realidadsur.com.ar\/?p=11363","title":{"rendered":"EN EL D\u00cdA MUNDIAL DEL MELANOMA DIFUNDEN COMPREVENIR A TIEMPO"},"content":{"rendered":"\n<p>El melanoma es un tipo de c\u00e1ncer de piel que se origina en los melanocitos, las c\u00e9lulas responsables de producir melanina, el pigmento que da color a la piel, puede desarrollarse sobre piel sana o a partir de un lunar preexistente y aparecer en cualquier parte del cuerpo, incluso en zonas no expuestas al sol, como palmas de las manos, plantas de los pies, cuero cabelludo o u\u00f1as.<\/p>\n\n\n\n<p>Aunque muchos melanomas se presentan como lesiones oscuras, tambi\u00e9n pueden tener tonalidades rosadas, blancas o sin pigmento y este tipo de c\u00e1ncer puede afectar a personas de cualquier edad y tono de piel, aunque ciertos factores aumentan el riesgo y la exposici\u00f3n a la radiaci\u00f3n ultravioleta (UV), ya sea por el sol o por el uso de camas solares, es la principal causa evitable.<\/p>\n\n\n\n<p>Otros factores que elevan las probabilidades de desarrollar melanoma son: tener muchos lunares o lunares at\u00edpicos, antecedentes familiares o personales de melanoma u otros c\u00e1nceres de piel, piel muy clara que se quema con facilidad, sistema inmunitario debilitado y edad avanzada. Aunque tener uno o m\u00e1s factores de riesgo no significa que se desarrollar\u00e1 la enfermedad, conocerlos permite tomar medidas de prevenci\u00f3n y detectar posibles se\u00f1ales de alerta a tiempo.<\/p>\n\n\n\n<p>En el marco del D\u00eda Mundial del Melanoma, especialistas y organizaciones de salud proyectan un crecimiento sostenido de este tipo de c\u00e1ncer. En Argentina, seg\u00fan estimaciones recientes de la Agencia Internacional de Investigaci\u00f3n sobre el C\u00e1ncer (IARC) respaldada por la Organizaci\u00f3n Mundial de la Salud (OMS), la tasa de incidencia general de c\u00e1ncer alcanza los 210, 7 casos por cada 100.000 habitantes, posicionando al pa\u00eds entre los de incidencia media-alta en la regi\u00f3n. Para 2024 se registraron m\u00e1s de 1.600 casos de melanoma y se proyecta que para 2045 esta cifra supere los 2.400.<\/p>\n\n\n\n<p>Si bien el melanoma es menos frecuente que otros tumores cut\u00e1neos, es el m\u00e1s agresivo debido a su alta capacidad de diseminaci\u00f3n a otras partes del cuerpo si no se detecta de forma temprana. La concientizaci\u00f3n, la detecci\u00f3n y la prevenci\u00f3n son las herramientas m\u00e1s eficaces para reducir su impacto.<\/p>\n\n\n\n<p>El melanoma podr\u00eda ser curable si se detecta y trata a tiempo. Sin embargo, su evoluci\u00f3n suele ser m\u00e1s agresiva que la de otros tipos de c\u00e1ncer cut\u00e1neo. Por eso, es fundamental prestar atenci\u00f3n a cualquier cambio visible en la piel, especialmente en lunares.<\/p>\n\n\n\n<p>Cualquier lunar, llaga, protuberancia, imperfecci\u00f3n, marca o cambio inusual en el aspecto o la sensaci\u00f3n de un \u00e1rea de la piel podr\u00eda ser una se\u00f1al de melanoma u otro tipo de c\u00e1ncer. Si bien la mayor\u00eda de las personas tienen lunares y casi todos son inofensivos, es importante reconocer cu\u00e1ndo un lunar puede transformarse en un peligro.<\/p>\n\n\n\n<p>Por lo general, un lunar normal es una mancha uniforme de color marr\u00f3n o negro, plana o levemente elevada, de forma redonda u ovalada, y menor a 6 mil\u00edmetros de di\u00e1metro que surge en la ni\u00f1ez. Es por esto que cualquier aparici\u00f3n de lunares nuevos o cambios en los existentes -en cuanto a tama\u00f1o, forma, color u otras caracter\u00edsticas- debe ser evaluado por un m\u00e9dico.<\/p>\n\n\n\n<p>Los signos de alarma del melanoma pueden resumirse en la regla del ABCDE, una herramienta sencilla que ayuda a identificar lunares sospechosos:<\/p>\n\n\n\n<p>-A de Asimetr\u00eda: cuando una mitad del lunar no es igual a la otra.<br>-B de Bordes irregulares: contornos poco definidos, desiguales o con relieve.<br>-C de Color desigual: presencia de varios tonos (negro, marr\u00f3n, rojizo, azulado o blanco) en una misma lesi\u00f3n.<br>-D de Di\u00e1metro: mayor a 6 mil\u00edmetros, aproximadamente el tama\u00f1o de una goma de l\u00e1piz.<br>-E de Evoluci\u00f3n: cualquier cambio en el tama\u00f1o, forma, color o s\u00edntomas como picaz\u00f3n o sangrado.<\/p>\n\n\n\n<p>Estar atentos a estas se\u00f1ales puede ser clave para detectar el melanoma en etapas tempranas, cuando el tratamiento es m\u00e1s efectivo. Sin embargo, este autoexamen no reemplaza la evaluaci\u00f3n de un profesional de la salud. Ante cualquier duda o cambio sospechoso en la piel, es fundamental consultar con un dermat\u00f3logo.<\/p>\n\n\n\n<p>La prevenci\u00f3n es una de las herramientas m\u00e1s efectivas para reducir el riesgo de desarrollar melanoma. Aunque no todos los casos pueden evitarse, incorporar h\u00e1bitos de cuidado diarios puede marcar una gran diferencia:<\/p>\n\n\n\n<p>-Vestirse con prendas que cubran zonas sensibles, como el rostro, los brazos y el pecho, especialmente durante las horas de mayor exposici\u00f3n solar.<br>-Aplicar protector solar de amplio espectro (que proteja contra los rayos UVA y UVB) con un Factor de Protecci\u00f3n Solar (FPS) mayor a 30. En personas de piel muy clara o sensible, se recomienda FPS 50 o m\u00e1s.<br>-Reaplicar el protector solar cada dos horas y tambi\u00e9n despu\u00e9s de nadar, ducharte o transpirar.<br>-Evitar exponerse al sol entre las 10 y las 16, cuando la radiaci\u00f3n ultravioleta es m\u00e1s intensa.<br>-No bajar la guardia en d\u00edas nublados o con resolana: los rayos UVA atraviesan las nubes y pueden da\u00f1ar la piel igual que en d\u00edas soleados.<br>-No exponerse al sol directo a ni\u00f1os menores de un a\u00f1o. Su piel es especialmente vulnerable.<\/p>\n\n\n\n<p>\u201cEl melanoma se puede prevenir y, si se detecta a tiempo, tambi\u00e9n se puede tratar. Acciones simples como el auto chequeo, protegerse del sol y consultar a un m\u00e9dico ante cualquier duda pueden marcar una gran diferencia\u201d, asegur\u00f3 Gabriela Bugarin, directora m\u00e9dica de oncolog\u00eda en MSD Argentina.<\/p>\n","protected":false},"excerpt":{"rendered":"<p>El melanoma es un tipo de c\u00e1ncer de piel que se origina en los melanocitos,&#8230;<\/p>\n","protected":false},"author":2,"featured_media":11364,"comment_status":"open","ping_status":"open","sticky":false,"template":"","format":"standard","meta":{"_jetpack_memberships_contains_paid_content":false,"footnotes":""},"categories":[8],"tags":[3488,1886],"class_list":["post-11363","post","type-post","status-publish","format-standard","has-post-thumbnail","hentry","category-interes-general","tag-melanoma","tag-prevencion"],"jetpack_featured_media_url":"https:\/\/i0.wp.com\/realidadsur.com.ar\/wp-content\/uploads\/2025\/05\/Tener-en-cuenta-el-ABCDE.webp?fit=1200%2C675&ssl=1","jetpack_sharing_enabled":true,"_links":{"self":[{"href":"https:\/\/realidadsur.com.ar\/index.php?rest_route=\/wp\/v2\/posts\/11363","targetHints":{"allow":["GET"]}}],"collection":[{"href":"https:\/\/realidadsur.com.ar\/index.php?rest_route=\/wp\/v2\/posts"}],"about":[{"href":"https:\/\/realidadsur.com.ar\/index.php?rest_route=\/wp\/v2\/types\/post"}],"author":[{"embeddable":true,"href":"https:\/\/realidadsur.com.ar\/index.php?rest_route=\/wp\/v2\/users\/2"}],"replies":[{"embeddable":true,"href":"https:\/\/realidadsur.com.ar\/index.php?rest_route=%2Fwp%2Fv2%2Fcomments&post=11363"}],"version-history":[{"count":1,"href":"https:\/\/realidadsur.com.ar\/index.php?rest_route=\/wp\/v2\/posts\/11363\/revisions"}],"predecessor-version":[{"id":11365,"href":"https:\/\/realidadsur.com.ar\/index.php?rest_route=\/wp\/v2\/posts\/11363\/revisions\/11365"}],"wp:featuredmedia":[{"embeddable":true,"href":"https:\/\/realidadsur.com.ar\/index.php?rest_route=\/wp\/v2\/media\/11364"}],"wp:attachment":[{"href":"https:\/\/realidadsur.com.ar\/index.php?rest_route=%2Fwp%2Fv2%2Fmedia&parent=11363"}],"wp:term":[{"taxonomy":"category","embeddable":true,"href":"https:\/\/realidadsur.com.ar\/index.php?rest_route=%2Fwp%2Fv2%2Fcategories&post=11363"},{"taxonomy":"post_tag","embeddable":true,"href":"https:\/\/realidadsur.com.ar\/index.php?rest_route=%2Fwp%2Fv2%2Ftags&post=11363"}],"curies":[{"name":"wp","href":"https:\/\/api.w.org\/{rel}","templated":true}]}}