{"id":11370,"date":"2025-05-23T23:57:03","date_gmt":"2025-05-24T02:57:03","guid":{"rendered":"https:\/\/realidadsur.com.ar\/?p=11370"},"modified":"2025-05-23T23:57:05","modified_gmt":"2025-05-24T02:57:05","slug":"ya-dieron-de-baja-500-mil-programas-progresar-estudio","status":"publish","type":"post","link":"https:\/\/realidadsur.com.ar\/?p=11370","title":{"rendered":"YA DIERON DE BAJA 500 MIL PROGRAMAS PROGRESAR ESTUDIO"},"content":{"rendered":"\n<p>Desde que asumi\u00f3, el Gobierno de Javier Milei lleva recortados 500 mil beneficiarios del Programa de Respaldo a Estudiantes de Argentina \u2013conocido como Progresar\u2013 que cumpli\u00f3 11 a\u00f1os. En el mismo per\u00edodo, esmeril\u00f3 el poder adquisitivo un 44%, lo que, en t\u00e9rminos presupuestarios, signific\u00f3 un &#8220;ahorro&#8221; en la partida real acumulado de casi 90 por ciento hasta fin de 2024.<\/p>\n\n\n\n<p>El Centro CEPA difundi\u00f3 estos datos y advirti\u00f3 que, para este a\u00f1o, lo presupuestado proyecta una reducci\u00f3n adicional de 18% en comparaci\u00f3n con 2024, lo cual sugiere que no habr\u00e1 recuperaci\u00f3n del poder adquisitivo y que podr\u00eda haber nuevos recortes en la cantidad de beneficiarios.<\/p>\n\n\n\n<p>Si bien la meta f\u00edsica del presupuesto 2025 prev\u00e9 alcanzar 1,5 millones de j\u00f3venes que cobran el subsidio, en 2024 el programa solo lleg\u00f3 a un mill\u00f3n, pese a contar con un monto asignado mayor en t\u00e9rminos reales.<\/p>\n\n\n\n<p>En cuanto al poder adquisitivo de las becas destinadas a apoyar a los j\u00f3venes en la finalizaci\u00f3n de sus estudios, se hab\u00eda desplomado a la mitad del valor registrado en 2023. Se debi\u00f3 al congelamiento del monto nominal durante todo el a\u00f1o y a la alta inflaci\u00f3n del per\u00edodo.<\/p>\n\n\n\n<p>Si se buscara equiparar el valor real de la beca de abril de 2015, los estudiantes deber\u00edan recibir en abril $127.186 mensuales, en vez de los apenas $35 que cobraron.<\/p>\n\n\n\n<p>Al licuarse la asignaci\u00f3n para la beca individual y reducirse entre 2019 y 2025 la cantidad de quienes la perciben, el componente presupuestario destinado a Progresar sigui\u00f3 una din\u00e1mica similar, subraya el informe de Centro CEPA.<\/p>\n\n\n\n<p>Progresar fue implementado en 2014 y ten\u00eda por fin garantizar una transferencia monetaria a las y los j\u00f3venes entre 18 y 24 a\u00f1os que estudiaran y cuyo hogar no recibiera m\u00e1s de un salario m\u00ednimo.<\/p>\n\n\n\n<p>Actualmente, el programa cuenta con tres l\u00edneas de becas: Progresar Obligatorio (orientada a la finalizaci\u00f3n del nivel secundario), Progresar Superior (para carreras terciarias y universitarias), y Progresar Trabajo (vinculada a cursos de formaci\u00f3n profesional).<\/p>\n","protected":false},"excerpt":{"rendered":"<p>Desde que asumi\u00f3, el Gobierno de Javier Milei lleva recortados 500 mil beneficiarios del Programa&#8230;<\/p>\n","protected":false},"author":2,"featured_media":11371,"comment_status":"open","ping_status":"open","sticky":false,"template":"","format":"standard","meta":{"_jetpack_memberships_contains_paid_content":false,"footnotes":""},"categories":[3],"tags":[3489,19,200],"class_list":["post-11370","post","type-post","status-publish","format-standard","has-post-thumbnail","hentry","category-nacion","tag-bajas","tag-becas-progresar","tag-javier-milei"],"jetpack_featured_media_url":"https:\/\/i0.wp.com\/realidadsur.com.ar\/wp-content\/uploads\/2025\/05\/Becas-progresar.jpeg?fit=470%2C313&ssl=1","jetpack_sharing_enabled":true,"_links":{"self":[{"href":"https:\/\/realidadsur.com.ar\/index.php?rest_route=\/wp\/v2\/posts\/11370","targetHints":{"allow":["GET"]}}],"collection":[{"href":"https:\/\/realidadsur.com.ar\/index.php?rest_route=\/wp\/v2\/posts"}],"about":[{"href":"https:\/\/realidadsur.com.ar\/index.php?rest_route=\/wp\/v2\/types\/post"}],"author":[{"embeddable":true,"href":"https:\/\/realidadsur.com.ar\/index.php?rest_route=\/wp\/v2\/users\/2"}],"replies":[{"embeddable":true,"href":"https:\/\/realidadsur.com.ar\/index.php?rest_route=%2Fwp%2Fv2%2Fcomments&post=11370"}],"version-history":[{"count":1,"href":"https:\/\/realidadsur.com.ar\/index.php?rest_route=\/wp\/v2\/posts\/11370\/revisions"}],"predecessor-version":[{"id":11372,"href":"https:\/\/realidadsur.com.ar\/index.php?rest_route=\/wp\/v2\/posts\/11370\/revisions\/11372"}],"wp:featuredmedia":[{"embeddable":true,"href":"https:\/\/realidadsur.com.ar\/index.php?rest_route=\/wp\/v2\/media\/11371"}],"wp:attachment":[{"href":"https:\/\/realidadsur.com.ar\/index.php?rest_route=%2Fwp%2Fv2%2Fmedia&parent=11370"}],"wp:term":[{"taxonomy":"category","embeddable":true,"href":"https:\/\/realidadsur.com.ar\/index.php?rest_route=%2Fwp%2Fv2%2Fcategories&post=11370"},{"taxonomy":"post_tag","embeddable":true,"href":"https:\/\/realidadsur.com.ar\/index.php?rest_route=%2Fwp%2Fv2%2Ftags&post=11370"}],"curies":[{"name":"wp","href":"https:\/\/api.w.org\/{rel}","templated":true}]}}