{"id":11399,"date":"2025-05-25T18:49:07","date_gmt":"2025-05-25T21:49:07","guid":{"rendered":"https:\/\/realidadsur.com.ar\/?p=11399"},"modified":"2025-05-25T18:49:08","modified_gmt":"2025-05-25T21:49:08","slug":"kicillof-inauguro-un-paso-bajo-a-nivel-con-criticas-al-gobierno-nacional","status":"publish","type":"post","link":"https:\/\/realidadsur.com.ar\/?p=11399","title":{"rendered":"KICILLOF INAUGUR\u00d3 UN PASO BAJO A NIVEL CON CR\u00cdTICAS AL GOBIERNO NACIONAL"},"content":{"rendered":"\n<p>El gobernador bonaerense Axel Kicillof encabez\u00f3 este domingo la inauguraci\u00f3n del Viaducto Papa Francisco en la localidad de Burzaco, partido de Almirante Brown. La obra, que supera los 1.200 metros de extensi\u00f3n sobre la Ruta 4, representa un hito en materia de conectividad y seguridad vial para el sur del conurbano, especialmente en las inmediaciones del Parque Industrial de Almirante Brown.<\/p>\n\n\n\n<p>Durante el acto, Kicillof destac\u00f3 la importancia estrat\u00e9gica del nuevo paso vial: \u201cEsta es una obra fundamental que va a transformar la conectividad y la seguridad en una de las zonas productivas m\u00e1s importantes del conurbano. El Viaducto Papa Francisco es un ejemplo de c\u00f3mo el Estado puede mejorar la vida cotidiana de miles de bonaerenses\u201d, se\u00f1al\u00f3.<\/p>\n\n\n\n<p>En el marco del 25 de Mayo, el gobernador dijo: \u201cPorque no hay plata, dicen. Es mentira que el Gobierno nacional no tiene recursos. Le acaba de pedir 20 mil millones de d\u00f3lares al Fondo Monetario Internacional, \u00bfy ni un solo d\u00f3lar va para viviendas, ni para educaci\u00f3n, ni salud, ni obra p\u00fablica?\u201d.<\/p>\n\n\n\n<p>Kicillof afirm\u00f3 que: \u201cDe cada 100 pesos que se recaudan, 40 los aporta la provincia de Buenos Aires, pero solo vuelven 7 en coparticipaci\u00f3n. El resto se lo queda el gobierno nacional, que lo usa para sostener un esquema que solo favorece a la timba financiera y la especulaci\u00f3n\u201d.<\/p>\n\n\n\n<p>\u201cLos recursos salen del pueblo, tienen que volver al pueblo. Ni a la timba, ni a la criptomoneda, ni a Wall Street. Cuando vayamos a las elecciones, tambi\u00e9n vamos a decirle a Milei: devolv\u00e9 a la provincia lo que le corresponde al pueblo bonaerense\u201d, asever\u00f3.<\/p>\n","protected":false},"excerpt":{"rendered":"<p>El gobernador bonaerense Axel Kicillof encabez\u00f3 este domingo la inauguraci\u00f3n del Viaducto Papa Francisco en&#8230;<\/p>\n","protected":false},"author":2,"featured_media":11400,"comment_status":"open","ping_status":"open","sticky":false,"template":"","format":"standard","meta":{"_jetpack_memberships_contains_paid_content":false,"footnotes":""},"categories":[8,4],"tags":[92,24,531,112],"class_list":["post-11399","post","type-post","status-publish","format-standard","has-post-thumbnail","hentry","category-interes-general","category-provincia","tag-almirante-brown","tag-axel-kicillof","tag-burzaco","tag-papa-francisco"],"jetpack_featured_media_url":"https:\/\/i0.wp.com\/realidadsur.com.ar\/wp-content\/uploads\/2025\/05\/Importante-obra-en-Burzaco-scaled.jpg?fit=2560%2C1707&ssl=1","jetpack_sharing_enabled":true,"_links":{"self":[{"href":"https:\/\/realidadsur.com.ar\/index.php?rest_route=\/wp\/v2\/posts\/11399","targetHints":{"allow":["GET"]}}],"collection":[{"href":"https:\/\/realidadsur.com.ar\/index.php?rest_route=\/wp\/v2\/posts"}],"about":[{"href":"https:\/\/realidadsur.com.ar\/index.php?rest_route=\/wp\/v2\/types\/post"}],"author":[{"embeddable":true,"href":"https:\/\/realidadsur.com.ar\/index.php?rest_route=\/wp\/v2\/users\/2"}],"replies":[{"embeddable":true,"href":"https:\/\/realidadsur.com.ar\/index.php?rest_route=%2Fwp%2Fv2%2Fcomments&post=11399"}],"version-history":[{"count":1,"href":"https:\/\/realidadsur.com.ar\/index.php?rest_route=\/wp\/v2\/posts\/11399\/revisions"}],"predecessor-version":[{"id":11401,"href":"https:\/\/realidadsur.com.ar\/index.php?rest_route=\/wp\/v2\/posts\/11399\/revisions\/11401"}],"wp:featuredmedia":[{"embeddable":true,"href":"https:\/\/realidadsur.com.ar\/index.php?rest_route=\/wp\/v2\/media\/11400"}],"wp:attachment":[{"href":"https:\/\/realidadsur.com.ar\/index.php?rest_route=%2Fwp%2Fv2%2Fmedia&parent=11399"}],"wp:term":[{"taxonomy":"category","embeddable":true,"href":"https:\/\/realidadsur.com.ar\/index.php?rest_route=%2Fwp%2Fv2%2Fcategories&post=11399"},{"taxonomy":"post_tag","embeddable":true,"href":"https:\/\/realidadsur.com.ar\/index.php?rest_route=%2Fwp%2Fv2%2Ftags&post=11399"}],"curies":[{"name":"wp","href":"https:\/\/api.w.org\/{rel}","templated":true}]}}