{"id":11402,"date":"2025-05-25T18:53:29","date_gmt":"2025-05-25T21:53:29","guid":{"rendered":"https:\/\/realidadsur.com.ar\/?p=11402"},"modified":"2025-05-25T18:53:30","modified_gmt":"2025-05-25T21:53:30","slug":"pronostican-una-bomba-polar-para-esta-semana-en-region-amba","status":"publish","type":"post","link":"https:\/\/realidadsur.com.ar\/?p=11402","title":{"rendered":"PRONOSTICAN UNA &#8220;BOMBA POLAR&#8221; PARA ESTA SEMANA EN REGI\u00d3N AMBA"},"content":{"rendered":"\n<p>El \u00c1rea Metropolitana de Buenos Aires (AMBA) se prepara para un brusco descenso de las temperaturas a partir de la nueva semana. El Servicio Meteorol\u00f3gico Nacional (SMN) pronostica la llegada de una &#8220;bomba polar&#8221; que traer\u00e1 consigo fr\u00edo extremo.<\/p>\n\n\n\n<p>El lunes podr\u00eda comenzar con probabilidades de tormentas aisladas en la madrugada y luego regresar las tormentas en la noche; con temperaturas que oscilar\u00e1n entre los 16 y 19 grados; mientras que para el martes, se esperan tormentas fuertes en la madrugada y ma\u00f1ana, que se convertir\u00e1n en lluvias por la tarde y noche. con un temperatura m\u00ednima que descender\u00e1 a los 10 grados, y una m\u00e1xima de 18.<\/p>\n\n\n\n<p>La &#8220;bomba polar&#8221; llega a Buenos Aires con d\u00edas de fr\u00edo intenso<br>El mal clima de principios de semana dar\u00e1 paso a un dr\u00e1stico descenso de las temperaturas con la llegada de la anunciada &#8220;bomba polar&#8221;, que se traducir\u00e1 en varias jornadas de fr\u00edo intenso.<\/p>\n\n\n\n<p>Seg\u00fan el SMN, el mi\u00e9rcoles marcar\u00e1 el inicio de este brusco descenso, con una m\u00ednima de 5 grados y una m\u00e1xima de 11. Las condiciones ser\u00e1n de cielo nublado por la madrugada y ma\u00f1ana, pasando a mayormente nublado por la tarde y noche.<\/p>\n\n\n\n<p>El jueves se perfila como la jornada m\u00e1s fr\u00eda de la semana, con cielo mayormente nublado, una m\u00ednima de 3 grados y una m\u00e1xima de 13.<\/p>\n\n\n\n<p>Finalmente, el viernes el fr\u00edo se mantendr\u00e1, con cielo algo nublado en la madrugada y ma\u00f1ana, y parcialmente nublado por la tarde y noche. Las temperaturas esperadas se situar\u00e1n entre los 5 y 14 grados.<\/p>\n","protected":false},"excerpt":{"rendered":"<p>El \u00c1rea Metropolitana de Buenos Aires (AMBA) se prepara para un brusco descenso de las&#8230;<\/p>\n","protected":false},"author":2,"featured_media":11403,"comment_status":"open","ping_status":"open","sticky":false,"template":"","format":"standard","meta":{"_jetpack_memberships_contains_paid_content":false,"footnotes":""},"categories":[450,6,996,7,5],"tags":[],"class_list":["post-11402","post","type-post","status-publish","format-standard","has-post-thumbnail","hentry","category-avellaneda","category-berazategui","category-caba","category-florencio-varela","category-quilmes"],"jetpack_featured_media_url":"https:\/\/i0.wp.com\/realidadsur.com.ar\/wp-content\/uploads\/2025\/05\/Alerta-por-el-frio.jpg?fit=900%2C599&ssl=1","jetpack_sharing_enabled":true,"_links":{"self":[{"href":"https:\/\/realidadsur.com.ar\/index.php?rest_route=\/wp\/v2\/posts\/11402","targetHints":{"allow":["GET"]}}],"collection":[{"href":"https:\/\/realidadsur.com.ar\/index.php?rest_route=\/wp\/v2\/posts"}],"about":[{"href":"https:\/\/realidadsur.com.ar\/index.php?rest_route=\/wp\/v2\/types\/post"}],"author":[{"embeddable":true,"href":"https:\/\/realidadsur.com.ar\/index.php?rest_route=\/wp\/v2\/users\/2"}],"replies":[{"embeddable":true,"href":"https:\/\/realidadsur.com.ar\/index.php?rest_route=%2Fwp%2Fv2%2Fcomments&post=11402"}],"version-history":[{"count":1,"href":"https:\/\/realidadsur.com.ar\/index.php?rest_route=\/wp\/v2\/posts\/11402\/revisions"}],"predecessor-version":[{"id":11404,"href":"https:\/\/realidadsur.com.ar\/index.php?rest_route=\/wp\/v2\/posts\/11402\/revisions\/11404"}],"wp:featuredmedia":[{"embeddable":true,"href":"https:\/\/realidadsur.com.ar\/index.php?rest_route=\/wp\/v2\/media\/11403"}],"wp:attachment":[{"href":"https:\/\/realidadsur.com.ar\/index.php?rest_route=%2Fwp%2Fv2%2Fmedia&parent=11402"}],"wp:term":[{"taxonomy":"category","embeddable":true,"href":"https:\/\/realidadsur.com.ar\/index.php?rest_route=%2Fwp%2Fv2%2Fcategories&post=11402"},{"taxonomy":"post_tag","embeddable":true,"href":"https:\/\/realidadsur.com.ar\/index.php?rest_route=%2Fwp%2Fv2%2Ftags&post=11402"}],"curies":[{"name":"wp","href":"https:\/\/api.w.org\/{rel}","templated":true}]}}