{"id":11405,"date":"2025-05-25T19:04:21","date_gmt":"2025-05-25T22:04:21","guid":{"rendered":"https:\/\/realidadsur.com.ar\/?p=11405"},"modified":"2025-05-25T19:04:23","modified_gmt":"2025-05-25T22:04:23","slug":"asi-festejo-berazategui-el-25-de-mayo","status":"publish","type":"post","link":"https:\/\/realidadsur.com.ar\/?p=11405","title":{"rendered":"AS\u00cd FESTEJ\u00d3 BERAZATEGUI EL 25 DE MAYO"},"content":{"rendered":"\n<p>Una verdadera fiesta popular se vivi\u00f3 este domingo en Berazategui, donde los vecinos conmemoraron los 215 a\u00f1os de la Revoluci\u00f3n de Mayo con una memorable jornada patria.<\/p>\n\n\n\n<p>El intendente, Juan Jos\u00e9 Mussi, presenci\u00f3 las actividades, que comenzaron con un colorido desfile de agrupaciones tradicionalistas sobre Av. 14 y continuaron con una Pe\u00f1a Folcl\u00f3rica en la Plaza Julia Copello de Tiscornia.<\/p>\n\n\n\n<p>\u201cQueridos vecinos y vecinas, \u00a1feliz D\u00eda de la Patria! Quer\u00eda saludarlos y agradecerles a todos los tradicionalistas que nos deleitan con sus danzas, a los que hicieron posible este desfile, a las Iglesias y a los centros tradicionalistas que desfilan. El 25 de Mayo es una convocatoria a la unidad de todos los argentinos y argentinas. Queremos que flameen hoy las tres banderas: la azul y blanca de la Argentina, la provincial y la naranja de Berazategui, unidas\u201d, expres\u00f3 Mussi durante los festejos, en los no faltaron los ballets, la actuaci\u00f3n de artistas en vivo y los cl\u00e1sicos stands de comidas t\u00edpicas.<\/p>\n\n\n\n<figure class=\"wp-block-image aligncenter size-large is-resized\"><img data-recalc-dims=\"1\" loading=\"lazy\" decoding=\"async\" width=\"640\" height=\"427\" src=\"https:\/\/i0.wp.com\/realidadsur.com.ar\/wp-content\/uploads\/2025\/05\/20250525_Desfile_Tradicionalista_25_Mayo_JD_080-1024x683.jpg?resize=640%2C427&#038;ssl=1\" alt=\"\" class=\"wp-image-11406\" style=\"width:406px;height:auto\" srcset=\"https:\/\/i0.wp.com\/realidadsur.com.ar\/wp-content\/uploads\/2025\/05\/20250525_Desfile_Tradicionalista_25_Mayo_JD_080.jpg?resize=1024%2C683&amp;ssl=1 1024w, https:\/\/i0.wp.com\/realidadsur.com.ar\/wp-content\/uploads\/2025\/05\/20250525_Desfile_Tradicionalista_25_Mayo_JD_080.jpg?resize=300%2C200&amp;ssl=1 300w, https:\/\/i0.wp.com\/realidadsur.com.ar\/wp-content\/uploads\/2025\/05\/20250525_Desfile_Tradicionalista_25_Mayo_JD_080.jpg?resize=768%2C512&amp;ssl=1 768w, https:\/\/i0.wp.com\/realidadsur.com.ar\/wp-content\/uploads\/2025\/05\/20250525_Desfile_Tradicionalista_25_Mayo_JD_080.jpg?resize=1536%2C1024&amp;ssl=1 1536w, https:\/\/i0.wp.com\/realidadsur.com.ar\/wp-content\/uploads\/2025\/05\/20250525_Desfile_Tradicionalista_25_Mayo_JD_080.jpg?w=1920&amp;ssl=1 1920w, https:\/\/i0.wp.com\/realidadsur.com.ar\/wp-content\/uploads\/2025\/05\/20250525_Desfile_Tradicionalista_25_Mayo_JD_080.jpg?w=1280 1280w\" sizes=\"auto, (max-width: 640px) 100vw, 640px\" \/><\/figure>\n\n\n\n<p>En este sentido, el Intendente comunal afirm\u00f3: \u201cHoy queremos rendir un homenaje a los patriotas de Mayo, pero tambi\u00e9n pedirles que tengamos presente a nuestra Patria Chica. Este es un mensaje de unidad: los vecinos y vecinas de Berazategui tenemos que estar unidos y unidas sin grietas, abraz\u00e1ndonos a la bandera naranja y, fundamentalmente, a aquellos con quienes todos los d\u00edas transitamos la calle. Si todas las Patrias Chicas crecieran al influjo de su bandera y se juntaran, la Patria Grande seguramente ser\u00eda mucho m\u00e1s grande y mucho m\u00e1s feliz\u201d.<\/p>\n\n\n\n<p>&#8220;Berazategui no es una isla, pero queremos decirles a todos los que nos gobiernan que tengan en cuenta este mensaje: en este lugar cantamos el Himno Nacional Argentino, nos abrazamos y le damos para adelante. Muchas gracias pueblo de Berazategui, a no aflojar, \u00a1localistas y berazateguenses hasta los \u00faltimos momentos!\u201d, exclam\u00f3 durante la ceremonia, donde tambi\u00e9n recit\u00f3 una de las poes\u00edas de su autor\u00eda, dedicada a su ciudad natal, Pl\u00e1tanos.<\/p>\n\n\n\n<p>Por su parte, el secretario de Cultura y Educaci\u00f3n municipal, Federico L\u00f3pez, se\u00f1al\u00f3: \u201cHacemos este desfile todos los a\u00f1os para fortalecer la construcci\u00f3n identitaria de soberan\u00eda y de argentinidad. Es la manera de encontrarnos en comunidad, con los vecinos y para los vecinos, quienes han participado con alegr\u00eda, unidos y unidas\u201d.<\/p>\n\n\n\n<figure class=\"wp-block-image aligncenter size-large is-resized\"><img data-recalc-dims=\"1\" loading=\"lazy\" decoding=\"async\" width=\"640\" height=\"427\" src=\"https:\/\/i0.wp.com\/realidadsur.com.ar\/wp-content\/uploads\/2025\/05\/20250525_Desfile_Tradicionalista_25_Mayo_SR_097-1024x683.jpg?resize=640%2C427&#038;ssl=1\" alt=\"\" class=\"wp-image-11407\" style=\"width:382px;height:auto\" srcset=\"https:\/\/i0.wp.com\/realidadsur.com.ar\/wp-content\/uploads\/2025\/05\/20250525_Desfile_Tradicionalista_25_Mayo_SR_097.jpg?resize=1024%2C683&amp;ssl=1 1024w, https:\/\/i0.wp.com\/realidadsur.com.ar\/wp-content\/uploads\/2025\/05\/20250525_Desfile_Tradicionalista_25_Mayo_SR_097.jpg?resize=300%2C200&amp;ssl=1 300w, https:\/\/i0.wp.com\/realidadsur.com.ar\/wp-content\/uploads\/2025\/05\/20250525_Desfile_Tradicionalista_25_Mayo_SR_097.jpg?resize=768%2C512&amp;ssl=1 768w, https:\/\/i0.wp.com\/realidadsur.com.ar\/wp-content\/uploads\/2025\/05\/20250525_Desfile_Tradicionalista_25_Mayo_SR_097.jpg?resize=1536%2C1024&amp;ssl=1 1536w, https:\/\/i0.wp.com\/realidadsur.com.ar\/wp-content\/uploads\/2025\/05\/20250525_Desfile_Tradicionalista_25_Mayo_SR_097.jpg?w=1920&amp;ssl=1 1920w, https:\/\/i0.wp.com\/realidadsur.com.ar\/wp-content\/uploads\/2025\/05\/20250525_Desfile_Tradicionalista_25_Mayo_SR_097.jpg?w=1280 1280w\" sizes=\"auto, (max-width: 640px) 100vw, 640px\" \/><\/figure>\n\n\n\n<p>En este nuevo aniversario del 25 de Mayo en Berazategui, unas 200 parejas de bailarines -entre representantes de ballets locales y estudiantes de los talleres de la Secretar\u00eda de Cultura y Educaci\u00f3n municipal- danzaron hermanadas al ritmo del Cielito del Campo. Esta gran exhibici\u00f3n art\u00edstica y cultural fue uno de los momentos m\u00e1s emotivos y celebrados por la masiva concurrencia. Se hicieron presentes, adem\u00e1s, integrantes del Gabinete municipal.<\/p>\n","protected":false},"excerpt":{"rendered":"<p>Una verdadera fiesta popular se vivi\u00f3 este domingo en Berazategui, donde los vecinos conmemoraron los&#8230;<\/p>\n","protected":false},"author":2,"featured_media":11408,"comment_status":"open","ping_status":"open","sticky":false,"template":"","format":"standard","meta":{"_jetpack_memberships_contains_paid_content":false,"footnotes":""},"categories":[6],"tags":[11,9],"class_list":["post-11405","post","type-post","status-publish","format-standard","has-post-thumbnail","hentry","category-berazategui","tag-berazategui","tag-juan-jose-mussi"],"jetpack_featured_media_url":"https:\/\/i0.wp.com\/realidadsur.com.ar\/wp-content\/uploads\/2025\/05\/20250525_Desfile_Tradicionalista_25_Mayo_JD_795.jpg?fit=1920%2C1280&ssl=1","jetpack_sharing_enabled":true,"_links":{"self":[{"href":"https:\/\/realidadsur.com.ar\/index.php?rest_route=\/wp\/v2\/posts\/11405","targetHints":{"allow":["GET"]}}],"collection":[{"href":"https:\/\/realidadsur.com.ar\/index.php?rest_route=\/wp\/v2\/posts"}],"about":[{"href":"https:\/\/realidadsur.com.ar\/index.php?rest_route=\/wp\/v2\/types\/post"}],"author":[{"embeddable":true,"href":"https:\/\/realidadsur.com.ar\/index.php?rest_route=\/wp\/v2\/users\/2"}],"replies":[{"embeddable":true,"href":"https:\/\/realidadsur.com.ar\/index.php?rest_route=%2Fwp%2Fv2%2Fcomments&post=11405"}],"version-history":[{"count":1,"href":"https:\/\/realidadsur.com.ar\/index.php?rest_route=\/wp\/v2\/posts\/11405\/revisions"}],"predecessor-version":[{"id":11409,"href":"https:\/\/realidadsur.com.ar\/index.php?rest_route=\/wp\/v2\/posts\/11405\/revisions\/11409"}],"wp:featuredmedia":[{"embeddable":true,"href":"https:\/\/realidadsur.com.ar\/index.php?rest_route=\/wp\/v2\/media\/11408"}],"wp:attachment":[{"href":"https:\/\/realidadsur.com.ar\/index.php?rest_route=%2Fwp%2Fv2%2Fmedia&parent=11405"}],"wp:term":[{"taxonomy":"category","embeddable":true,"href":"https:\/\/realidadsur.com.ar\/index.php?rest_route=%2Fwp%2Fv2%2Fcategories&post=11405"},{"taxonomy":"post_tag","embeddable":true,"href":"https:\/\/realidadsur.com.ar\/index.php?rest_route=%2Fwp%2Fv2%2Ftags&post=11405"}],"curies":[{"name":"wp","href":"https:\/\/api.w.org\/{rel}","templated":true}]}}