{"id":11512,"date":"2025-05-31T12:28:38","date_gmt":"2025-05-31T15:28:38","guid":{"rendered":"https:\/\/realidadsur.com.ar\/?p=11512"},"modified":"2025-05-31T12:28:40","modified_gmt":"2025-05-31T15:28:40","slug":"hoy-es-el-lanzamiento-oficial-del-movimiento-que-orienta-axel-kicillof","status":"publish","type":"post","link":"https:\/\/realidadsur.com.ar\/?p=11512","title":{"rendered":"HOY ES EL LANZAMIENTO OFICIAL DEL MOVIMIENTO QUE ORIENTA AXEL KICILLOF"},"content":{"rendered":"\n<p>El gobernador bonaerense Axel Kicillof oficializar\u00e1 este s\u00e1bado el lanzamiento del Movimiento Derecho al Futuro (MDF), el nuevo espacio pol\u00edtico que busca consolidar su presencia dentro de la coalici\u00f3n oficialista Uni\u00f3n por la Patria de cara a las elecciones provinciales del 7 de septiembre.<\/p>\n\n\n\n<p>El MDF pretende posicionarse como una organizaci\u00f3n territorial y pol\u00edtica propia, similar a otras fuerzas internas como La C\u00e1mpora, liderada por M\u00e1ximo Kirchner, y el Frente Renovador, cuyo referente principal es Sergio Massa.<\/p>\n\n\n\n<p>El acto se realizar\u00e1 en el camping del gremio UPCN en La Plata, donde Kicillof contar\u00e1 con el respaldo de dirigentes sindicales, territoriales y gran parte de su gabinete, entre ellos Carlos Bianco (Gobierno), Gabriel Katopodis (Infraestructura), Pablo L\u00f3pez (Hacienda), y Nicol\u00e1s Kreplak (Salud), entre otros.<\/p>\n","protected":false},"excerpt":{"rendered":"<p>El gobernador bonaerense Axel Kicillof oficializar\u00e1 este s\u00e1bado el lanzamiento del Movimiento Derecho al Futuro&#8230;<\/p>\n","protected":false},"author":2,"featured_media":11513,"comment_status":"open","ping_status":"open","sticky":false,"template":"","format":"standard","meta":{"_jetpack_memberships_contains_paid_content":false,"footnotes":""},"categories":[4],"tags":[24],"class_list":["post-11512","post","type-post","status-publish","format-standard","has-post-thumbnail","hentry","category-provincia","tag-axel-kicillof"],"jetpack_featured_media_url":"https:\/\/i0.wp.com\/realidadsur.com.ar\/wp-content\/uploads\/2025\/05\/GrqzM-3WMAAqp1Z.jpg?fit=1024%2C1280&ssl=1","jetpack_sharing_enabled":true,"_links":{"self":[{"href":"https:\/\/realidadsur.com.ar\/index.php?rest_route=\/wp\/v2\/posts\/11512","targetHints":{"allow":["GET"]}}],"collection":[{"href":"https:\/\/realidadsur.com.ar\/index.php?rest_route=\/wp\/v2\/posts"}],"about":[{"href":"https:\/\/realidadsur.com.ar\/index.php?rest_route=\/wp\/v2\/types\/post"}],"author":[{"embeddable":true,"href":"https:\/\/realidadsur.com.ar\/index.php?rest_route=\/wp\/v2\/users\/2"}],"replies":[{"embeddable":true,"href":"https:\/\/realidadsur.com.ar\/index.php?rest_route=%2Fwp%2Fv2%2Fcomments&post=11512"}],"version-history":[{"count":1,"href":"https:\/\/realidadsur.com.ar\/index.php?rest_route=\/wp\/v2\/posts\/11512\/revisions"}],"predecessor-version":[{"id":11514,"href":"https:\/\/realidadsur.com.ar\/index.php?rest_route=\/wp\/v2\/posts\/11512\/revisions\/11514"}],"wp:featuredmedia":[{"embeddable":true,"href":"https:\/\/realidadsur.com.ar\/index.php?rest_route=\/wp\/v2\/media\/11513"}],"wp:attachment":[{"href":"https:\/\/realidadsur.com.ar\/index.php?rest_route=%2Fwp%2Fv2%2Fmedia&parent=11512"}],"wp:term":[{"taxonomy":"category","embeddable":true,"href":"https:\/\/realidadsur.com.ar\/index.php?rest_route=%2Fwp%2Fv2%2Fcategories&post=11512"},{"taxonomy":"post_tag","embeddable":true,"href":"https:\/\/realidadsur.com.ar\/index.php?rest_route=%2Fwp%2Fv2%2Ftags&post=11512"}],"curies":[{"name":"wp","href":"https:\/\/api.w.org\/{rel}","templated":true}]}}