{"id":11540,"date":"2025-06-03T18:35:17","date_gmt":"2025-06-03T21:35:17","guid":{"rendered":"https:\/\/realidadsur.com.ar\/?p=11540"},"modified":"2025-06-03T18:35:19","modified_gmt":"2025-06-03T21:35:19","slug":"mussi-inauguro-el-registro-provincial-de-hudson","status":"publish","type":"post","link":"https:\/\/realidadsur.com.ar\/?p=11540","title":{"rendered":"MUSSI INAUGUR\u00d3 EL REGISTRO PROVINCIAL DE HUDSON"},"content":{"rendered":"\n<p>Se inaugur\u00f3 el nuevo Registro Provincial de las Personas de Hudson, que funciona en el Complejo Cultural Municipal La Humanitaria. El intendente de Berazategui, Juan Jos\u00e9 Mussi, encabez\u00f3 el acto y dej\u00f3 inauguradas tambi\u00e9n nuevas instalaciones del \u00c1rea de Arte P\u00fablico municipal y refacciones en el sector exterior. Estuvo acompa\u00f1ado por la directora provincial de Registros, Silvina Ojeda.<\/p>\n\n\n\n<p>All\u00ed, Mussi destac\u00f3: \u201cLa Humanitaria -al igual que tantos otros, como el C\u00edrculo Italiano y Malter\u00eda- pertenece a la comunidad, por eso mantuvimos su identidad a trav\u00e9s de las obras hechas. Todo lo que hicimos es para que puedan realizar tr\u00e1mites y gestiones cerca de sus casas, sin tener que viajar ni movilizarse, en un espacio digno\u201d. Y agreg\u00f3: \u201cNac\u00ed en Pl\u00e1tanos, soy de Berazategui y quiero lo mejor para mi Patria Chica. Por eso, les pido que no se dividan por nada. Los pueblos grandes son los pueblos unidos; sigamos unidos entre todas y todos. Sigamos construyendo comunidad\u201d.<\/p>\n\n\n\n<p>A su vez, Ojeda se\u00f1al\u00f3: \u201cGracias al Municipio y a su intendente Juan Jos\u00e9 Mussi, abrimos esta delegaci\u00f3n que es una de las m\u00e1s lindas de la Provincia. En nombre del gobernador, Axel Kicillof; y de su jefa de Asesores, Cristina \u00c1lvarez Rodr\u00edguez, invitamos a todos y todas a que hagan uso de este lugar\u201d.<\/p>\n\n\n\n<p>En tanto, el secretario de Cultura y Educaci\u00f3n local, Federico L\u00f3pez, indic\u00f3: \u201cEstos espacios son una realidad por la firme decisi\u00f3n de Juan Jos\u00e9 Mussi de invertir en ellos. Estamos muy felices porque estas obras construyen identidad y comunidad\u201d.<\/p>\n\n\n\n<p>Los trabajos fueron impulsados por el intendente Juan Jos\u00e9 Mussi, mediante financiamiento 100% municipal. Las oficinas del Registro Provincial de las Personas se encuentran frente al patio externo hist\u00f3rico de La Humanitaria, al lado de los talleres de Arte P\u00fablico- dependientes de la Secretar\u00eda de Cultura y Educaci\u00f3n-. All\u00ed ya funciona el Centro C\u00edvico Hudson &#8211; Pl\u00e1tanos, la Delegaci\u00f3n Municipal y una sede de la Direcci\u00f3n General de Licencias de Conducir. Asimismo, el Complejo Cultural Municipal La Humanitaria ofrece propuestas culturales y recreativas durante todo el a\u00f1o, como ciclos de teatro, cine y recitales en vivo.<\/p>\n\n\n\n<p>En la jornada, adem\u00e1s, se realiz\u00f3 el tradicional vermouth y almuerzo que se organiza en la instituci\u00f3n todos los a\u00f1os por su aniversario.<\/p>\n\n\n\n<p><\/p>\n","protected":false},"excerpt":{"rendered":"<p>Se inaugur\u00f3 el nuevo Registro Provincial de las Personas de Hudson, que funciona en el&#8230;<\/p>\n","protected":false},"author":2,"featured_media":11545,"comment_status":"open","ping_status":"open","sticky":false,"template":"","format":"standard","meta":{"_jetpack_memberships_contains_paid_content":false,"footnotes":""},"categories":[6],"tags":[11,9],"class_list":["post-11540","post","type-post","status-publish","format-standard","has-post-thumbnail","hentry","category-berazategui","tag-berazategui","tag-juan-jose-mussi"],"jetpack_featured_media_url":"https:\/\/i0.wp.com\/realidadsur.com.ar\/wp-content\/uploads\/2025\/06\/MUSSI-INAUGURO-EL-REGISTRO-PROVINCIAL-DE-HUDSON-3.jpg?fit=1600%2C1066&ssl=1","jetpack_sharing_enabled":true,"_links":{"self":[{"href":"https:\/\/realidadsur.com.ar\/index.php?rest_route=\/wp\/v2\/posts\/11540","targetHints":{"allow":["GET"]}}],"collection":[{"href":"https:\/\/realidadsur.com.ar\/index.php?rest_route=\/wp\/v2\/posts"}],"about":[{"href":"https:\/\/realidadsur.com.ar\/index.php?rest_route=\/wp\/v2\/types\/post"}],"author":[{"embeddable":true,"href":"https:\/\/realidadsur.com.ar\/index.php?rest_route=\/wp\/v2\/users\/2"}],"replies":[{"embeddable":true,"href":"https:\/\/realidadsur.com.ar\/index.php?rest_route=%2Fwp%2Fv2%2Fcomments&post=11540"}],"version-history":[{"count":1,"href":"https:\/\/realidadsur.com.ar\/index.php?rest_route=\/wp\/v2\/posts\/11540\/revisions"}],"predecessor-version":[{"id":11546,"href":"https:\/\/realidadsur.com.ar\/index.php?rest_route=\/wp\/v2\/posts\/11540\/revisions\/11546"}],"wp:featuredmedia":[{"embeddable":true,"href":"https:\/\/realidadsur.com.ar\/index.php?rest_route=\/wp\/v2\/media\/11545"}],"wp:attachment":[{"href":"https:\/\/realidadsur.com.ar\/index.php?rest_route=%2Fwp%2Fv2%2Fmedia&parent=11540"}],"wp:term":[{"taxonomy":"category","embeddable":true,"href":"https:\/\/realidadsur.com.ar\/index.php?rest_route=%2Fwp%2Fv2%2Fcategories&post=11540"},{"taxonomy":"post_tag","embeddable":true,"href":"https:\/\/realidadsur.com.ar\/index.php?rest_route=%2Fwp%2Fv2%2Ftags&post=11540"}],"curies":[{"name":"wp","href":"https:\/\/api.w.org\/{rel}","templated":true}]}}