{"id":11604,"date":"2025-06-07T11:00:02","date_gmt":"2025-06-07T14:00:02","guid":{"rendered":"https:\/\/realidadsur.com.ar\/?p=11604"},"modified":"2025-06-07T11:00:05","modified_gmt":"2025-06-07T14:00:05","slug":"patricia-bullrich-defendio-al-policia-que-mato-al-nene-durante-un-tiroteo-con-delincuentes","status":"publish","type":"post","link":"https:\/\/realidadsur.com.ar\/?p=11604","title":{"rendered":"PATRICIA BULLRICH DEFENDI\u00d3 AL POLIC\u00cdA QUE MAT\u00d3 AL NENE DURANTE UN TIROTEO CON DELINCUENTES"},"content":{"rendered":"\n<p>La ministra de Seguridad de la Naci\u00f3n, Patricia Bullrich, respald\u00f3 al polic\u00eda federal que dispar\u00f3 accidentalmente a un ni\u00f1o de 7 a\u00f1os durante un tiroteo con delincuentes en La Matanza, y sostuvo que \u201clos culpables son los ladrones\u201d.<\/p>\n\n\n\n<p>\u201cLa acci\u00f3n del polic\u00eda fue de leg\u00edtima defensa\u201d, sostuvo Bullrich en conferencia de prensa, al referirse al estado cr\u00edtico en el que qued\u00f3 Thiago Benjam\u00edn Correa Medina, quien recibi\u00f3 un disparo en la cabeza en medio del enfrentamiento, que finalmente le provoc\u00f3 la muerte.<\/p>\n\n\n\n<p>El hecho ocurri\u00f3 cuando cuatro delincuentes intentaron asaltar a un efectivo de la Polic\u00eda Federal Argentina que se encontraba franco de servicio en la localidad de Villa Madero. El oficial respondi\u00f3 con su arma reglamentaria y en medio del tiroteo, una bala impact\u00f3 en el ni\u00f1o, que estaba con su padre.<\/p>\n\n\n\n<p>Bullrich remarc\u00f3 que \u201cno se puede juzgar a un agente que actu\u00f3 para defenderse\u201d y afirm\u00f3 que \u201clos \u00fanicos responsables de esta tragedia son los delincuentes que desataron el tiroteo\u201d.<\/p>\n\n\n\n<p>El fallecimiento de Thiago Correa se confirm\u00f3 en horas de la noche. El menor hab\u00eda resultado herido durante un enfrentamiento armado entre un efectivo de una fuerza federal y cuatro delincuentes. Su cuadro cl\u00ednico era irreversible, producto de una bala perdida que ingres\u00f3 y sali\u00f3 de su cr\u00e1neo.<\/p>\n\n\n\n<p>Personal del INCUCAI se reuni\u00f3 con la familia, quienes finalmente confirmaron la triste noticia. La v\u00edctima hab\u00eda sido trasladada al Hospital de Ni\u00f1os de San Justo en la madrugada del jueves, luego de recibir las primeras atenciones en el Hospital Balestrini.<\/p>\n\n\n\n<p>&#8220;Est\u00e1 luchando por su vida&#8221;, hab\u00eda expresado Fabi\u00e1n, el padre de Thiago, quien permaneci\u00f3 en la puerta de la habitaci\u00f3n de su hijo desde el dram\u00e1tico episodio ocurrido la noche del mi\u00e9rcoles. Estuvo acompa\u00f1ado por amigos y familiares que lo contuvieron en esos momentos de angustia. Sin embargo, a \u00faltima hora, el propio padre confirm\u00f3 la tr\u00e1gica partida de su hijo: &#8220;Thiago ya descansa en paz&#8221;.<\/p>\n\n\n\n<p>Se supo que el pap\u00e1 de Thiago estaba con \u00e9l en el momento en que el nene se desplom\u00f3 en sus brazos tras recibir el impacto de la bala. El hombre relat\u00f3 a la prensa el desesperado intento por salvarle la vida a su hijo.<\/p>\n","protected":false},"excerpt":{"rendered":"<p>La ministra de Seguridad de la Naci\u00f3n, Patricia Bullrich, respald\u00f3 al polic\u00eda federal que dispar\u00f3&#8230;<\/p>\n","protected":false},"author":2,"featured_media":11605,"comment_status":"open","ping_status":"open","sticky":false,"template":"","format":"standard","meta":{"_jetpack_memberships_contains_paid_content":false,"footnotes":""},"categories":[3,4],"tags":[1500],"class_list":["post-11604","post","type-post","status-publish","format-standard","has-post-thumbnail","hentry","category-nacion","category-provincia","tag-la-matanza"],"jetpack_featured_media_url":"https:\/\/i0.wp.com\/realidadsur.com.ar\/wp-content\/uploads\/2025\/06\/Thiago-Correa-fallecio-en-medio-de-los-disparos-del-policia-de-la-Ciudad-detenido.webp?fit=1191%2C720&ssl=1","jetpack_sharing_enabled":true,"_links":{"self":[{"href":"https:\/\/realidadsur.com.ar\/index.php?rest_route=\/wp\/v2\/posts\/11604","targetHints":{"allow":["GET"]}}],"collection":[{"href":"https:\/\/realidadsur.com.ar\/index.php?rest_route=\/wp\/v2\/posts"}],"about":[{"href":"https:\/\/realidadsur.com.ar\/index.php?rest_route=\/wp\/v2\/types\/post"}],"author":[{"embeddable":true,"href":"https:\/\/realidadsur.com.ar\/index.php?rest_route=\/wp\/v2\/users\/2"}],"replies":[{"embeddable":true,"href":"https:\/\/realidadsur.com.ar\/index.php?rest_route=%2Fwp%2Fv2%2Fcomments&post=11604"}],"version-history":[{"count":1,"href":"https:\/\/realidadsur.com.ar\/index.php?rest_route=\/wp\/v2\/posts\/11604\/revisions"}],"predecessor-version":[{"id":11606,"href":"https:\/\/realidadsur.com.ar\/index.php?rest_route=\/wp\/v2\/posts\/11604\/revisions\/11606"}],"wp:featuredmedia":[{"embeddable":true,"href":"https:\/\/realidadsur.com.ar\/index.php?rest_route=\/wp\/v2\/media\/11605"}],"wp:attachment":[{"href":"https:\/\/realidadsur.com.ar\/index.php?rest_route=%2Fwp%2Fv2%2Fmedia&parent=11604"}],"wp:term":[{"taxonomy":"category","embeddable":true,"href":"https:\/\/realidadsur.com.ar\/index.php?rest_route=%2Fwp%2Fv2%2Fcategories&post=11604"},{"taxonomy":"post_tag","embeddable":true,"href":"https:\/\/realidadsur.com.ar\/index.php?rest_route=%2Fwp%2Fv2%2Ftags&post=11604"}],"curies":[{"name":"wp","href":"https:\/\/api.w.org\/{rel}","templated":true}]}}