{"id":11890,"date":"2025-06-26T12:57:03","date_gmt":"2025-06-26T15:57:03","guid":{"rendered":"https:\/\/realidadsur.com.ar\/?p=11890"},"modified":"2025-06-26T12:57:05","modified_gmt":"2025-06-26T15:57:05","slug":"mas-de-7-millones-de-kilos-de-residuos-reciclados-en-berazategui","status":"publish","type":"post","link":"https:\/\/realidadsur.com.ar\/?p=11890","title":{"rendered":"M\u00c1S DE 7 MILLONES DE KILOS DE RESIDUOS RECICLADOS EN BERAZATEGUI"},"content":{"rendered":"\n<p>Desde la puesta en marcha del Programa Municipal Berazategui Recicla -en 2016-, el distrito ya super\u00f3 los 7 millones de kilos de residuos reciclados y reutilizados. Esta pol\u00edtica p\u00fablica, impulsada por el intendente Juan Jos\u00e9 Mussi y coordinada por la Secretar\u00eda de Organizaciones No Gubernamentales (ONG), busca consolidar un modelo de gesti\u00f3n sustentable.<br>El Programa promueve el cuidado del medio ambiente, genera ingresos para los recicladores urbanos y contribuye a reducir los vol\u00famenes de desechos enviados al CEAMSE, lo que genera un importante ahorro para la ciudad. Los materiales reciclados incluyen botellas PET, papel, cart\u00f3n, vidrios; pl\u00e1stico soplado; nylon; aluminio; hierros y chapas; adem\u00e1s de chatarra electr\u00f3nica y aceite vegetal usado -AVU-.<\/p>\n\n\n\n<p>Berazategui Recicla cuenta con Ecopuntos y Centros de Acopio y Selecci\u00f3n distribuidos estrat\u00e9gicamente en el distrito. All\u00ed, los recicladores urbanos llevan el material recolectado y gran parte es reutilizado por empresas locales que lo compran para la fabricaci\u00f3n de distintos productos, como escobillones y cepillos, papel higi\u00e9nico, servilletas y cart\u00f3n, entre otros. Esto tambi\u00e9n les genera ingresos a las y los recolectores.<\/p>\n\n\n\n<p>De esta manera, se extiende la invitaci\u00f3n a los berazateguenses a que separen los residuos reciclables en sus casas y llamen al 1138833815 para que los pasen a buscar; o los lleven al Ecopunto m\u00e1s cercano. Para conocer sus ubicaciones pueden ingresar en berazategui.gob.ar\/recicla.<\/p>\n\n\n\n<figure class=\"wp-block-image aligncenter size-large is-resized\"><img data-recalc-dims=\"1\" loading=\"lazy\" decoding=\"async\" width=\"640\" height=\"427\" src=\"https:\/\/i0.wp.com\/realidadsur.com.ar\/wp-content\/uploads\/2025\/06\/WhatsApp-Image-2025-06-25-at-16.50.39-1-1024x683.jpeg?resize=640%2C427&#038;ssl=1\" alt=\"\" class=\"wp-image-11893\" style=\"width:462px;height:auto\" srcset=\"https:\/\/i0.wp.com\/realidadsur.com.ar\/wp-content\/uploads\/2025\/06\/WhatsApp-Image-2025-06-25-at-16.50.39-1.jpeg?resize=1024%2C683&amp;ssl=1 1024w, https:\/\/i0.wp.com\/realidadsur.com.ar\/wp-content\/uploads\/2025\/06\/WhatsApp-Image-2025-06-25-at-16.50.39-1.jpeg?resize=300%2C200&amp;ssl=1 300w, https:\/\/i0.wp.com\/realidadsur.com.ar\/wp-content\/uploads\/2025\/06\/WhatsApp-Image-2025-06-25-at-16.50.39-1.jpeg?resize=768%2C512&amp;ssl=1 768w, https:\/\/i0.wp.com\/realidadsur.com.ar\/wp-content\/uploads\/2025\/06\/WhatsApp-Image-2025-06-25-at-16.50.39-1.jpeg?w=1164&amp;ssl=1 1164w\" sizes=\"auto, (max-width: 640px) 100vw, 640px\" \/><\/figure>\n\n\n\n<p>Una apuesta a la sustentabilidad con un proyecto de compostaje colectivo<\/p>\n\n\n\n<p>Adem\u00e1s, Berazategui Recicla y la Direcci\u00f3n municipal de Ambiente y Desarrollo Sustentable llevan adelante un proyecto de compostaje de desechos org\u00e1nicos que se desarrolla -especialmente- en articulaci\u00f3n con instituciones educativas p\u00fablicas y privadas, a trav\u00e9s del Programa Escuelas Sustentables, por el cual las instituciones reciben equipamiento y capacitaciones para compostar. Este proyecto adem\u00e1s de generar concientizaci\u00f3n en las nuevas generaciones busca que se conviertan en agentes multiplicadores en sus casas y barrios.<\/p>\n\n\n\n<p>El compostaje adecuado de los desechos org\u00e1nicos que se generan cotidianamente (alimentos no comestibles o no utilizados) representa un gran beneficio para el medio ambiente. Para conocer m\u00e1s sobre estas iniciativas municipales, se puede ingresar en berazategui.gob.ar\/sustentable.<\/p>\n","protected":false},"excerpt":{"rendered":"<p>Desde la puesta en marcha del Programa Municipal Berazategui Recicla -en 2016-, el distrito ya&#8230;<\/p>\n","protected":false},"author":2,"featured_media":11891,"comment_status":"open","ping_status":"open","sticky":false,"template":"","format":"standard","meta":{"_jetpack_memberships_contains_paid_content":false,"footnotes":""},"categories":[6],"tags":[11,9],"class_list":["post-11890","post","type-post","status-publish","format-standard","has-post-thumbnail","hentry","category-berazategui","tag-berazategui","tag-juan-jose-mussi"],"jetpack_featured_media_url":"https:\/\/i0.wp.com\/realidadsur.com.ar\/wp-content\/uploads\/2025\/06\/WhatsApp-Image-2025-06-25-at-16.49.56.jpeg?fit=1600%2C1066&ssl=1","jetpack_sharing_enabled":true,"_links":{"self":[{"href":"https:\/\/realidadsur.com.ar\/index.php?rest_route=\/wp\/v2\/posts\/11890","targetHints":{"allow":["GET"]}}],"collection":[{"href":"https:\/\/realidadsur.com.ar\/index.php?rest_route=\/wp\/v2\/posts"}],"about":[{"href":"https:\/\/realidadsur.com.ar\/index.php?rest_route=\/wp\/v2\/types\/post"}],"author":[{"embeddable":true,"href":"https:\/\/realidadsur.com.ar\/index.php?rest_route=\/wp\/v2\/users\/2"}],"replies":[{"embeddable":true,"href":"https:\/\/realidadsur.com.ar\/index.php?rest_route=%2Fwp%2Fv2%2Fcomments&post=11890"}],"version-history":[{"count":1,"href":"https:\/\/realidadsur.com.ar\/index.php?rest_route=\/wp\/v2\/posts\/11890\/revisions"}],"predecessor-version":[{"id":11894,"href":"https:\/\/realidadsur.com.ar\/index.php?rest_route=\/wp\/v2\/posts\/11890\/revisions\/11894"}],"wp:featuredmedia":[{"embeddable":true,"href":"https:\/\/realidadsur.com.ar\/index.php?rest_route=\/wp\/v2\/media\/11891"}],"wp:attachment":[{"href":"https:\/\/realidadsur.com.ar\/index.php?rest_route=%2Fwp%2Fv2%2Fmedia&parent=11890"}],"wp:term":[{"taxonomy":"category","embeddable":true,"href":"https:\/\/realidadsur.com.ar\/index.php?rest_route=%2Fwp%2Fv2%2Fcategories&post=11890"},{"taxonomy":"post_tag","embeddable":true,"href":"https:\/\/realidadsur.com.ar\/index.php?rest_route=%2Fwp%2Fv2%2Ftags&post=11890"}],"curies":[{"name":"wp","href":"https:\/\/api.w.org\/{rel}","templated":true}]}}