{"id":11985,"date":"2025-07-03T18:03:08","date_gmt":"2025-07-03T21:03:08","guid":{"rendered":"https:\/\/realidadsur.com.ar\/?p=11985"},"modified":"2025-07-03T18:03:10","modified_gmt":"2025-07-03T21:03:10","slug":"el-centro-civico-municipal-villa-espana-platanos-ya-es-una-realidad","status":"publish","type":"post","link":"https:\/\/realidadsur.com.ar\/?p=11985","title":{"rendered":"EL CENTRO C\u00cdVICO MUNICIPAL VILLA ESPA\u00d1A &#8211; PL\u00c1TANOS YA ES UNA REALIDAD"},"content":{"rendered":"\n<p>La Municipalidad de Berazategui inaugurar\u00e1, en poco tiempo, un nuevo espacio donde los vecinos y vecinas podr\u00e1n realizar tr\u00e1mites y acceder a m\u00e1s y mejores servicios cerca de sus casas, con la comodidad de no tener que viajar. Se trata del Centro C\u00edvico Municipal Villa Espa\u00f1a &#8211; Pl\u00e1tanos, que fue construido en un sector cedido por el C\u00edrculo Italiano (calle 151 A e\/ Av. Italia y 34). Esta obra, impulsada por el intendente Juan Jos\u00e9 Mussi, fue financiada \u00edntegramente por el Municipio.<\/p>\n\n\n\n<figure class=\"wp-block-image aligncenter size-large is-resized\"><img data-recalc-dims=\"1\" loading=\"lazy\" decoding=\"async\" width=\"640\" height=\"427\" src=\"https:\/\/i0.wp.com\/realidadsur.com.ar\/wp-content\/uploads\/2025\/07\/Tambien-funcionara-un-Registro-Provincial-de-las-Personas-1024x683.jpeg?resize=640%2C427&#038;ssl=1\" alt=\"\" class=\"wp-image-11987\" style=\"width:450px;height:auto\" srcset=\"https:\/\/i0.wp.com\/realidadsur.com.ar\/wp-content\/uploads\/2025\/07\/Tambien-funcionara-un-Registro-Provincial-de-las-Personas.jpeg?resize=1024%2C683&amp;ssl=1 1024w, https:\/\/i0.wp.com\/realidadsur.com.ar\/wp-content\/uploads\/2025\/07\/Tambien-funcionara-un-Registro-Provincial-de-las-Personas.jpeg?resize=300%2C200&amp;ssl=1 300w, https:\/\/i0.wp.com\/realidadsur.com.ar\/wp-content\/uploads\/2025\/07\/Tambien-funcionara-un-Registro-Provincial-de-las-Personas.jpeg?resize=768%2C512&amp;ssl=1 768w, https:\/\/i0.wp.com\/realidadsur.com.ar\/wp-content\/uploads\/2025\/07\/Tambien-funcionara-un-Registro-Provincial-de-las-Personas.jpeg?resize=1536%2C1024&amp;ssl=1 1536w, https:\/\/i0.wp.com\/realidadsur.com.ar\/wp-content\/uploads\/2025\/07\/Tambien-funcionara-un-Registro-Provincial-de-las-Personas.jpeg?w=1600&amp;ssl=1 1600w, https:\/\/i0.wp.com\/realidadsur.com.ar\/wp-content\/uploads\/2025\/07\/Tambien-funcionara-un-Registro-Provincial-de-las-Personas.jpeg?w=1280 1280w\" sizes=\"auto, (max-width: 640px) 100vw, 640px\" \/><\/figure>\n\n\n\n<p>En el flamante Centro C\u00edvico funcionar\u00e1n la Delegaci\u00f3n municipal, cuatro aulas para los talleres del Centro Cultural Municipal, un Registro Provincial de las Personas, oficinas de atenci\u00f3n al p\u00fablico, un Sal\u00f3n de Usos M\u00faltiples, un Sal\u00f3n de eventos y la sede del C\u00edrculo Italiano.<\/p>\n\n\n\n<p>La articulaci\u00f3n entre el sector p\u00fablico y el privado para la realizaci\u00f3n de este proyecto comenz\u00f3 cuando se firm\u00f3 un comodato para que la Municipalidad de Berazategui se hiciera cargo de un espacio de dicho establecimiento local emblem\u00e1tico. El acuerdo fue concretado por el intendente Juan Jos\u00e9 Mussi e integrantes de la Comisi\u00f3n directiva de la instituci\u00f3n.<\/p>\n","protected":false},"excerpt":{"rendered":"<p>La Municipalidad de Berazategui inaugurar\u00e1, en poco tiempo, un nuevo espacio donde los vecinos y&#8230;<\/p>\n","protected":false},"author":2,"featured_media":11986,"comment_status":"open","ping_status":"open","sticky":false,"template":"","format":"standard","meta":{"_jetpack_memberships_contains_paid_content":false,"footnotes":""},"categories":[6],"tags":[11,9],"class_list":["post-11985","post","type-post","status-publish","format-standard","has-post-thumbnail","hentry","category-berazategui","tag-berazategui","tag-juan-jose-mussi"],"jetpack_featured_media_url":"https:\/\/i0.wp.com\/realidadsur.com.ar\/wp-content\/uploads\/2025\/07\/Estara-ubicado-en-calle-151-A-e-Av-Italia-y-34.jpeg?fit=1600%2C1066&ssl=1","jetpack_sharing_enabled":true,"_links":{"self":[{"href":"https:\/\/realidadsur.com.ar\/index.php?rest_route=\/wp\/v2\/posts\/11985","targetHints":{"allow":["GET"]}}],"collection":[{"href":"https:\/\/realidadsur.com.ar\/index.php?rest_route=\/wp\/v2\/posts"}],"about":[{"href":"https:\/\/realidadsur.com.ar\/index.php?rest_route=\/wp\/v2\/types\/post"}],"author":[{"embeddable":true,"href":"https:\/\/realidadsur.com.ar\/index.php?rest_route=\/wp\/v2\/users\/2"}],"replies":[{"embeddable":true,"href":"https:\/\/realidadsur.com.ar\/index.php?rest_route=%2Fwp%2Fv2%2Fcomments&post=11985"}],"version-history":[{"count":1,"href":"https:\/\/realidadsur.com.ar\/index.php?rest_route=\/wp\/v2\/posts\/11985\/revisions"}],"predecessor-version":[{"id":11988,"href":"https:\/\/realidadsur.com.ar\/index.php?rest_route=\/wp\/v2\/posts\/11985\/revisions\/11988"}],"wp:featuredmedia":[{"embeddable":true,"href":"https:\/\/realidadsur.com.ar\/index.php?rest_route=\/wp\/v2\/media\/11986"}],"wp:attachment":[{"href":"https:\/\/realidadsur.com.ar\/index.php?rest_route=%2Fwp%2Fv2%2Fmedia&parent=11985"}],"wp:term":[{"taxonomy":"category","embeddable":true,"href":"https:\/\/realidadsur.com.ar\/index.php?rest_route=%2Fwp%2Fv2%2Fcategories&post=11985"},{"taxonomy":"post_tag","embeddable":true,"href":"https:\/\/realidadsur.com.ar\/index.php?rest_route=%2Fwp%2Fv2%2Ftags&post=11985"}],"curies":[{"name":"wp","href":"https:\/\/api.w.org\/{rel}","templated":true}]}}