{"id":12057,"date":"2025-07-08T17:52:04","date_gmt":"2025-07-08T20:52:04","guid":{"rendered":"https:\/\/realidadsur.com.ar\/?p=12057"},"modified":"2025-07-08T17:52:06","modified_gmt":"2025-07-08T20:52:06","slug":"vislumbran-un-caos-aereo-en-las-vacaciones-de-invierno","status":"publish","type":"post","link":"https:\/\/realidadsur.com.ar\/?p=12057","title":{"rendered":"VISLUMBRAN UN CAOS A\u00c9REO EN LAS VACACIONES DE INVIERNO"},"content":{"rendered":"\n<p>La reuni\u00f3n entre la Asociaci\u00f3n T\u00e9cnicos y Empleados de Protecci\u00f3n y Seguridad a la Aeronavegaci\u00f3n (Atepsa) y la Empresa Argentina de Navegaci\u00f3n A\u00e9rea (EANA), celebrada este martes en la Secretar\u00eda de Trabajo, finaliz\u00f3 sin avances concretos.<\/p>\n\n\n\n<p>Como consecuencia, el gremio mantiene firme el cronograma de diez jornadas de medidas de fuerza anunciadas por el gremio que agrupa a los controladores a\u00e9reos, que comenzar\u00e1 este viernes 11 de julio, en plena temporada alta por el receso invernal.<\/p>\n\n\n\n<p>No obstante, ambas partes volver\u00e1n a sentarse a negociar el pr\u00f3ximo jueves, un d\u00eda antes del inicio de la primera medida de fuerza que afectar\u00e1 la operaci\u00f3n de los vuelos en todo el pa\u00eds, con especial impacto en los despegues.<\/p>\n\n\n\n<p>El plan de lucha contempla paros los d\u00edas: 11, 12, 13, 15, 18, 20, 24, 25, 27 y 30 de julio, con interrupciones de actividades a partir del mediod\u00eda en cada jornada. Las acciones se realizar\u00e1n de manera alternada, lo que aumenta la incertidumbre en la programaci\u00f3n de vuelos y log\u00edstica de transporte a\u00e9reo.<\/p>\n","protected":false},"excerpt":{"rendered":"<p>La reuni\u00f3n entre la Asociaci\u00f3n T\u00e9cnicos y Empleados de Protecci\u00f3n y Seguridad a la Aeronavegaci\u00f3n&#8230;<\/p>\n","protected":false},"author":2,"featured_media":12058,"comment_status":"open","ping_status":"open","sticky":false,"template":"","format":"standard","meta":{"_jetpack_memberships_contains_paid_content":false,"footnotes":""},"categories":[8,3],"tags":[3616,3617],"class_list":["post-12057","post","type-post","status-publish","format-standard","has-post-thumbnail","hentry","category-interes-general","category-nacion","tag-paro-aereo","tag-vacaciones-de-invierno"],"jetpack_featured_media_url":"https:\/\/i0.wp.com\/realidadsur.com.ar\/wp-content\/uploads\/2025\/07\/El-paro-comenzaria-el-viernes.jpg?fit=1000%2C565&ssl=1","jetpack_sharing_enabled":true,"_links":{"self":[{"href":"https:\/\/realidadsur.com.ar\/index.php?rest_route=\/wp\/v2\/posts\/12057","targetHints":{"allow":["GET"]}}],"collection":[{"href":"https:\/\/realidadsur.com.ar\/index.php?rest_route=\/wp\/v2\/posts"}],"about":[{"href":"https:\/\/realidadsur.com.ar\/index.php?rest_route=\/wp\/v2\/types\/post"}],"author":[{"embeddable":true,"href":"https:\/\/realidadsur.com.ar\/index.php?rest_route=\/wp\/v2\/users\/2"}],"replies":[{"embeddable":true,"href":"https:\/\/realidadsur.com.ar\/index.php?rest_route=%2Fwp%2Fv2%2Fcomments&post=12057"}],"version-history":[{"count":1,"href":"https:\/\/realidadsur.com.ar\/index.php?rest_route=\/wp\/v2\/posts\/12057\/revisions"}],"predecessor-version":[{"id":12059,"href":"https:\/\/realidadsur.com.ar\/index.php?rest_route=\/wp\/v2\/posts\/12057\/revisions\/12059"}],"wp:featuredmedia":[{"embeddable":true,"href":"https:\/\/realidadsur.com.ar\/index.php?rest_route=\/wp\/v2\/media\/12058"}],"wp:attachment":[{"href":"https:\/\/realidadsur.com.ar\/index.php?rest_route=%2Fwp%2Fv2%2Fmedia&parent=12057"}],"wp:term":[{"taxonomy":"category","embeddable":true,"href":"https:\/\/realidadsur.com.ar\/index.php?rest_route=%2Fwp%2Fv2%2Fcategories&post=12057"},{"taxonomy":"post_tag","embeddable":true,"href":"https:\/\/realidadsur.com.ar\/index.php?rest_route=%2Fwp%2Fv2%2Ftags&post=12057"}],"curies":[{"name":"wp","href":"https:\/\/api.w.org\/{rel}","templated":true}]}}