{"id":12060,"date":"2025-07-08T18:16:48","date_gmt":"2025-07-08T21:16:48","guid":{"rendered":"https:\/\/realidadsur.com.ar\/?p=12060"},"modified":"2025-07-08T18:16:52","modified_gmt":"2025-07-08T21:16:52","slug":"se-celebraron-los-27-anos-del-centro-de-jubilados-barrio-sarmiento","status":"publish","type":"post","link":"https:\/\/realidadsur.com.ar\/?p=12060","title":{"rendered":"SE CELEBRARON LOS 27 A\u00d1OS DEL CENTRO DE JUBILADOS BARRIO SARMIENTO"},"content":{"rendered":"\n<p>El Centro de Jubilados Barrio Sarmiento, de Hudson, festej\u00f3 el aniversario N\u00b0 27 de la instituci\u00f3n. El intendente de Berazategui, Juan Jos\u00e9 Mussi, estuvo all\u00ed y les entreg\u00f3 un subsidio.<\/p>\n\n\n\n<p>\u201cA veces, a las personas mayores nos hacen a un costado. Por eso, estos espacios son tan importantes. Les pido que sigan adelante, que contin\u00faen rodeados de vecinas y vecinos, de amistades y seres queridos. Si\u00e9ntanse fuertes, h\u00e1ganse valer por lo que son, porque &#8216;viejos son los trapos&#8217;\u201d, expres\u00f3 Mussi.<\/p>\n\n\n\n<p>Por su parte, la vicepresidenta del Centro, Patricia Guerra, afirm\u00f3: \u201cCumplimos un a\u00f1o m\u00e1s en este hermoso lugar. Les agradecemos a todos los vecinos y vecinas por arrimarse; y al Intendente por acompa\u00f1arnos. Entre todos, trabajamos para que la instituci\u00f3n est\u00e9 cada d\u00eda un poco mejor\u201d.<\/p>\n\n\n\n<p>El Municipio otorg\u00f3 un subsidio como parte de los programas de entrega de aportes econ\u00f3micos a entidades intermedias, dispuestos por el Intendente, con el objetivo de contribuir al desarrollo de las instituciones de Berazategui.<\/p>\n","protected":false},"excerpt":{"rendered":"<p>El Centro de Jubilados Barrio Sarmiento, de Hudson, festej\u00f3 el aniversario N\u00b0 27 de la&#8230;<\/p>\n","protected":false},"author":2,"featured_media":12061,"comment_status":"open","ping_status":"open","sticky":false,"template":"","format":"standard","meta":{"_jetpack_memberships_contains_paid_content":false,"footnotes":""},"categories":[6],"tags":[11,9],"class_list":["post-12060","post","type-post","status-publish","format-standard","has-post-thumbnail","hentry","category-berazategui","tag-berazategui","tag-juan-jose-mussi"],"jetpack_featured_media_url":"https:\/\/i0.wp.com\/realidadsur.com.ar\/wp-content\/uploads\/2025\/07\/Estuvo-el-intendente-Juan-Jose-Mussi.jpg?fit=1920%2C1280&ssl=1","jetpack_sharing_enabled":true,"_links":{"self":[{"href":"https:\/\/realidadsur.com.ar\/index.php?rest_route=\/wp\/v2\/posts\/12060","targetHints":{"allow":["GET"]}}],"collection":[{"href":"https:\/\/realidadsur.com.ar\/index.php?rest_route=\/wp\/v2\/posts"}],"about":[{"href":"https:\/\/realidadsur.com.ar\/index.php?rest_route=\/wp\/v2\/types\/post"}],"author":[{"embeddable":true,"href":"https:\/\/realidadsur.com.ar\/index.php?rest_route=\/wp\/v2\/users\/2"}],"replies":[{"embeddable":true,"href":"https:\/\/realidadsur.com.ar\/index.php?rest_route=%2Fwp%2Fv2%2Fcomments&post=12060"}],"version-history":[{"count":1,"href":"https:\/\/realidadsur.com.ar\/index.php?rest_route=\/wp\/v2\/posts\/12060\/revisions"}],"predecessor-version":[{"id":12062,"href":"https:\/\/realidadsur.com.ar\/index.php?rest_route=\/wp\/v2\/posts\/12060\/revisions\/12062"}],"wp:featuredmedia":[{"embeddable":true,"href":"https:\/\/realidadsur.com.ar\/index.php?rest_route=\/wp\/v2\/media\/12061"}],"wp:attachment":[{"href":"https:\/\/realidadsur.com.ar\/index.php?rest_route=%2Fwp%2Fv2%2Fmedia&parent=12060"}],"wp:term":[{"taxonomy":"category","embeddable":true,"href":"https:\/\/realidadsur.com.ar\/index.php?rest_route=%2Fwp%2Fv2%2Fcategories&post=12060"},{"taxonomy":"post_tag","embeddable":true,"href":"https:\/\/realidadsur.com.ar\/index.php?rest_route=%2Fwp%2Fv2%2Ftags&post=12060"}],"curies":[{"name":"wp","href":"https:\/\/api.w.org\/{rel}","templated":true}]}}