{"id":12153,"date":"2025-07-14T15:49:14","date_gmt":"2025-07-14T18:49:14","guid":{"rendered":"https:\/\/realidadsur.com.ar\/?p=12153"},"modified":"2025-07-14T15:49:18","modified_gmt":"2025-07-14T18:49:18","slug":"locomotora-oliveras-esta-en-terapia-porque-sufrio-un-acv","status":"publish","type":"post","link":"https:\/\/realidadsur.com.ar\/?p=12153","title":{"rendered":"&#8220;LOCOMOTORA&#8221; OLIVERAS EST\u00c1 EN TERAPIA PORQUE SUFRI\u00d3 UN ACV"},"content":{"rendered":"\n<p>La exboxeadora Alejandra \u201cLocomotora\u201d Oliveras debi\u00f3 ser hospitalizada hoy en terapia intensiva luego de sufrir un accidente cerebrovascular (ACV).<\/p>\n\n\n\n<p>La ahora exdeportista se iba a presentar este mismo lunes en la Legislatura de Santa Fe para participar del inicio de la Convenci\u00f3n Constituyente.<\/p>\n\n\n\n<p>Oliveras, quien fue electa como constitucional en abril, se descompens\u00f3 y fue atendida en el Samco (Sistema para la Atenci\u00f3n M\u00e9dica de la Comunidad) de Santo Tom\u00e9, pero luego la derivaron al Hospital Jos\u00e9 Mar\u00eda Cullen de la capital provincial.<\/p>\n","protected":false},"excerpt":{"rendered":"<p>La exboxeadora Alejandra \u201cLocomotora\u201d Oliveras debi\u00f3 ser hospitalizada hoy en terapia intensiva luego de sufrir&#8230;<\/p>\n","protected":false},"author":2,"featured_media":12154,"comment_status":"open","ping_status":"open","sticky":false,"template":"","format":"standard","meta":{"_jetpack_memberships_contains_paid_content":false,"footnotes":""},"categories":[8,3],"tags":[3635,3634],"class_list":["post-12153","post","type-post","status-publish","format-standard","has-post-thumbnail","hentry","category-interes-general","category-nacion","tag-acv","tag-alejandra-locomotora-oliveras"],"jetpack_featured_media_url":"https:\/\/realidadsur.com.ar\/wp-content\/uploads\/2025\/07\/La-ex-campaona-fue-elegida-convencional-constituyente-provincial.avif","jetpack_sharing_enabled":true,"_links":{"self":[{"href":"https:\/\/realidadsur.com.ar\/index.php?rest_route=\/wp\/v2\/posts\/12153","targetHints":{"allow":["GET"]}}],"collection":[{"href":"https:\/\/realidadsur.com.ar\/index.php?rest_route=\/wp\/v2\/posts"}],"about":[{"href":"https:\/\/realidadsur.com.ar\/index.php?rest_route=\/wp\/v2\/types\/post"}],"author":[{"embeddable":true,"href":"https:\/\/realidadsur.com.ar\/index.php?rest_route=\/wp\/v2\/users\/2"}],"replies":[{"embeddable":true,"href":"https:\/\/realidadsur.com.ar\/index.php?rest_route=%2Fwp%2Fv2%2Fcomments&post=12153"}],"version-history":[{"count":1,"href":"https:\/\/realidadsur.com.ar\/index.php?rest_route=\/wp\/v2\/posts\/12153\/revisions"}],"predecessor-version":[{"id":12155,"href":"https:\/\/realidadsur.com.ar\/index.php?rest_route=\/wp\/v2\/posts\/12153\/revisions\/12155"}],"wp:featuredmedia":[{"embeddable":true,"href":"https:\/\/realidadsur.com.ar\/index.php?rest_route=\/wp\/v2\/media\/12154"}],"wp:attachment":[{"href":"https:\/\/realidadsur.com.ar\/index.php?rest_route=%2Fwp%2Fv2%2Fmedia&parent=12153"}],"wp:term":[{"taxonomy":"category","embeddable":true,"href":"https:\/\/realidadsur.com.ar\/index.php?rest_route=%2Fwp%2Fv2%2Fcategories&post=12153"},{"taxonomy":"post_tag","embeddable":true,"href":"https:\/\/realidadsur.com.ar\/index.php?rest_route=%2Fwp%2Fv2%2Ftags&post=12153"}],"curies":[{"name":"wp","href":"https:\/\/api.w.org\/{rel}","templated":true}]}}