{"id":12209,"date":"2025-07-17T14:03:43","date_gmt":"2025-07-17T17:03:43","guid":{"rendered":"https:\/\/realidadsur.com.ar\/?p=12209"},"modified":"2025-07-17T14:03:45","modified_gmt":"2025-07-17T17:03:45","slug":"el-polo-educativo-integral-de-el-pato-ya-esta-en-la-etapa-final-de-construccion","status":"publish","type":"post","link":"https:\/\/realidadsur.com.ar\/?p=12209","title":{"rendered":"EL POLO EDUCATIVO INTEGRAL DE EL PATO YA EST\u00c1 EN LA ETAPA FINAL DE CONSTRUCCI\u00d3N"},"content":{"rendered":"\n<p>Mediante un importante plan de urbanizaci\u00f3n, impulsado por la Municipalidad de Berazategui en la localidad de El Pato, avanza la construcci\u00f3n del Polo Educativo Integral en el Barrio Once. La obra, gestionada por el intendente Juan Jos\u00e9 Mussi y realizada a trav\u00e9s del financiamiento del Gobierno Provincial, ya se encuentra en un 75% y contempla la construcci\u00f3n de una Escuela Primaria (12 aulas), una Secundaria (6 aulas) y un Jard\u00edn de Infantes (6 aulas). El predio mide una hect\u00e1rea y est\u00e1 ubicado entre las calles 512, 622, 623 y 514.<\/p>\n\n\n\n<p>A pesar de que actualmente las obras p\u00fablicas se encuentran paralizadas a nivel nacional, este trascendental proyecto para la vida de los vecinos y vecinas de El Pato puede verse concretado. Esto es posible gracias al convenio firmado por el Municipio y el Organismo Provincial de Integraci\u00f3n Social y Urbana (OPISU); el financiamiento del Banco Interamericano de Desarrollo (BID); y el apoyo del gobernador de la provincia de Buenos Aires, Axel Kicillof.<\/p>\n\n\n\n<figure class=\"wp-block-image aligncenter size-large is-resized\"><img data-recalc-dims=\"1\" loading=\"lazy\" decoding=\"async\" width=\"640\" height=\"426\" src=\"https:\/\/i0.wp.com\/realidadsur.com.ar\/wp-content\/uploads\/2025\/07\/Una-obra-necesaria-1024x682.jpeg?resize=640%2C426&#038;ssl=1\" alt=\"\" class=\"wp-image-12210\" style=\"width:568px;height:auto\" srcset=\"https:\/\/i0.wp.com\/realidadsur.com.ar\/wp-content\/uploads\/2025\/07\/Una-obra-necesaria.jpeg?resize=1024%2C682&amp;ssl=1 1024w, https:\/\/i0.wp.com\/realidadsur.com.ar\/wp-content\/uploads\/2025\/07\/Una-obra-necesaria.jpeg?resize=300%2C200&amp;ssl=1 300w, https:\/\/i0.wp.com\/realidadsur.com.ar\/wp-content\/uploads\/2025\/07\/Una-obra-necesaria.jpeg?resize=768%2C512&amp;ssl=1 768w, https:\/\/i0.wp.com\/realidadsur.com.ar\/wp-content\/uploads\/2025\/07\/Una-obra-necesaria.jpeg?resize=1536%2C1023&amp;ssl=1 1536w, https:\/\/i0.wp.com\/realidadsur.com.ar\/wp-content\/uploads\/2025\/07\/Una-obra-necesaria.jpeg?w=1600&amp;ssl=1 1600w, https:\/\/i0.wp.com\/realidadsur.com.ar\/wp-content\/uploads\/2025\/07\/Una-obra-necesaria.jpeg?w=1280 1280w\" sizes=\"auto, (max-width: 640px) 100vw, 640px\" \/><\/figure>\n\n\n\n<p>El proyecto, que ya presenta un 75% de avance, incluye la construcci\u00f3n de un Polo Educativo Integral situado en un extenso terreno delimitado por las calles 512, 622, 623 y 514. Consistir\u00e1 en una Escuela Primaria con 12 aulas, una Secundaria con seis y un Jard\u00edn de Infantes con la misma cantidad de salones. Cada instituci\u00f3n funcionar\u00e1 en edificios independientes y contar\u00e1 con su propio patio. Asimismo, la obra comprende la construcci\u00f3n de un Sal\u00f3n de Usos M\u00faltiples (SUM), una cancha de f\u00fatbol al aire libre, una zona de juegos infantiles y un espacio dedicado a huertas. Adem\u00e1s, habr\u00e1 mejoraras en el espacio p\u00fablico circundante y el alumbrado p\u00fablico.<\/p>\n","protected":false},"excerpt":{"rendered":"<p>Mediante un importante plan de urbanizaci\u00f3n, impulsado por la Municipalidad de Berazategui en la localidad&#8230;<\/p>\n","protected":false},"author":2,"featured_media":12211,"comment_status":"open","ping_status":"open","sticky":false,"template":"","format":"standard","meta":{"_jetpack_memberships_contains_paid_content":false,"footnotes":""},"categories":[6,4],"tags":[24,11,9],"class_list":["post-12209","post","type-post","status-publish","format-standard","has-post-thumbnail","hentry","category-berazategui","category-provincia","tag-axel-kicillof","tag-berazategui","tag-juan-jose-mussi"],"jetpack_featured_media_url":"https:\/\/i0.wp.com\/realidadsur.com.ar\/wp-content\/uploads\/2025\/07\/El-Pato-crece.jpeg?fit=1600%2C1066&ssl=1","jetpack_sharing_enabled":true,"_links":{"self":[{"href":"https:\/\/realidadsur.com.ar\/index.php?rest_route=\/wp\/v2\/posts\/12209","targetHints":{"allow":["GET"]}}],"collection":[{"href":"https:\/\/realidadsur.com.ar\/index.php?rest_route=\/wp\/v2\/posts"}],"about":[{"href":"https:\/\/realidadsur.com.ar\/index.php?rest_route=\/wp\/v2\/types\/post"}],"author":[{"embeddable":true,"href":"https:\/\/realidadsur.com.ar\/index.php?rest_route=\/wp\/v2\/users\/2"}],"replies":[{"embeddable":true,"href":"https:\/\/realidadsur.com.ar\/index.php?rest_route=%2Fwp%2Fv2%2Fcomments&post=12209"}],"version-history":[{"count":1,"href":"https:\/\/realidadsur.com.ar\/index.php?rest_route=\/wp\/v2\/posts\/12209\/revisions"}],"predecessor-version":[{"id":12212,"href":"https:\/\/realidadsur.com.ar\/index.php?rest_route=\/wp\/v2\/posts\/12209\/revisions\/12212"}],"wp:featuredmedia":[{"embeddable":true,"href":"https:\/\/realidadsur.com.ar\/index.php?rest_route=\/wp\/v2\/media\/12211"}],"wp:attachment":[{"href":"https:\/\/realidadsur.com.ar\/index.php?rest_route=%2Fwp%2Fv2%2Fmedia&parent=12209"}],"wp:term":[{"taxonomy":"category","embeddable":true,"href":"https:\/\/realidadsur.com.ar\/index.php?rest_route=%2Fwp%2Fv2%2Fcategories&post=12209"},{"taxonomy":"post_tag","embeddable":true,"href":"https:\/\/realidadsur.com.ar\/index.php?rest_route=%2Fwp%2Fv2%2Ftags&post=12209"}],"curies":[{"name":"wp","href":"https:\/\/api.w.org\/{rel}","templated":true}]}}