{"id":12376,"date":"2025-07-26T13:13:37","date_gmt":"2025-07-26T16:13:37","guid":{"rendered":"https:\/\/realidadsur.com.ar\/?p=12376"},"modified":"2025-07-26T13:13:39","modified_gmt":"2025-07-26T16:13:39","slug":"milei-baja-a-las-retenciones-y-advertencia-por-la-vuelta-del-peronismo","status":"publish","type":"post","link":"https:\/\/realidadsur.com.ar\/?p=12376","title":{"rendered":"MILEI: BAJA A LAS RETENCIONES Y ADVERTENCIA POR LA VUELTA DEL PERONISMO"},"content":{"rendered":"\n<p>El presidente Javier Milei una baja inmediata en las retenciones a las exportaciones de soja, carne, ma\u00edz, sorgo y girasol, dijo que esa disminuci\u00f3n \u201cse mantendr\u00e1 mientras est\u00e9 en el gobierno\u201d y prometi\u00f3 continuar con la disminuci\u00f3n de esos derechos de exportaci\u00f3n hasta dejarlos en cero, al inaugurar la 137 Exposici\u00f3n Rural, en Palermo.<\/p>\n\n\n\n<p>El jefe de Estado dijo que las retenciones a las exportaciones bajan desde hoy mismo, de la siguiente forma: \u201cA la carne aviar y vacuna, se reducir\u00e1n del 6,75% al 5%; al ma\u00edz del 12% a 9,5%, al sorgo de 12% a 9,5%, al girasol del 7,5% al 5,5%, a la soja del 33% al 26%, y a los subproductos de soja del 31% al 24,5%\u201d.<\/p>\n\n\n\n<p>\u201cLas retenciones son nefastas y siniestras. Fueron el resultado deliberado de un plan de la pol\u00edtica y perpetuado por la casta a lo largo del tiempo. \u00bfPara qu\u00e9? Para exprimir al sector m\u00e1s pujante del pa\u00eds\u201d, dijo Milei durante su discurso durante el que fue ovacionado en distintos pasajes.<\/p>\n\n\n\n<p>Adem\u00e1s, Milei carg\u00f3 muy duro contra el kirchnerismo, al sostener que \u201clos especuladores y par\u00e1sitos se aprovechan de la necesidad de la gente\u201d, y le pidi\u00f3 al campo: \u201cNo podemos dar por finalizada la guerra contra el modelo empobrecedor\u201d.<\/p>\n\n\n\n<p>Adem\u00e1s, le advirti\u00f3 a los hombres y mujeres de campo que \u201cla casta est\u00e1 afilando los cuchillos para volver a sentarse en el poder\u201d.<\/p>\n","protected":false},"excerpt":{"rendered":"<p>El presidente Javier Milei una baja inmediata en las retenciones a las exportaciones de soja,&#8230;<\/p>\n","protected":false},"author":2,"featured_media":12377,"comment_status":"open","ping_status":"open","sticky":false,"template":"","format":"standard","meta":{"_jetpack_memberships_contains_paid_content":false,"footnotes":""},"categories":[3],"tags":[200,3705],"class_list":["post-12376","post","type-post","status-publish","format-standard","has-post-thumbnail","hentry","category-nacion","tag-javier-milei","tag-retenciones"],"jetpack_featured_media_url":"https:\/\/i0.wp.com\/realidadsur.com.ar\/wp-content\/uploads\/2025\/07\/Los-anuncios-del-Presidente.webp?fit=1280%2C720&ssl=1","jetpack_sharing_enabled":true,"_links":{"self":[{"href":"https:\/\/realidadsur.com.ar\/index.php?rest_route=\/wp\/v2\/posts\/12376","targetHints":{"allow":["GET"]}}],"collection":[{"href":"https:\/\/realidadsur.com.ar\/index.php?rest_route=\/wp\/v2\/posts"}],"about":[{"href":"https:\/\/realidadsur.com.ar\/index.php?rest_route=\/wp\/v2\/types\/post"}],"author":[{"embeddable":true,"href":"https:\/\/realidadsur.com.ar\/index.php?rest_route=\/wp\/v2\/users\/2"}],"replies":[{"embeddable":true,"href":"https:\/\/realidadsur.com.ar\/index.php?rest_route=%2Fwp%2Fv2%2Fcomments&post=12376"}],"version-history":[{"count":1,"href":"https:\/\/realidadsur.com.ar\/index.php?rest_route=\/wp\/v2\/posts\/12376\/revisions"}],"predecessor-version":[{"id":12378,"href":"https:\/\/realidadsur.com.ar\/index.php?rest_route=\/wp\/v2\/posts\/12376\/revisions\/12378"}],"wp:featuredmedia":[{"embeddable":true,"href":"https:\/\/realidadsur.com.ar\/index.php?rest_route=\/wp\/v2\/media\/12377"}],"wp:attachment":[{"href":"https:\/\/realidadsur.com.ar\/index.php?rest_route=%2Fwp%2Fv2%2Fmedia&parent=12376"}],"wp:term":[{"taxonomy":"category","embeddable":true,"href":"https:\/\/realidadsur.com.ar\/index.php?rest_route=%2Fwp%2Fv2%2Fcategories&post=12376"},{"taxonomy":"post_tag","embeddable":true,"href":"https:\/\/realidadsur.com.ar\/index.php?rest_route=%2Fwp%2Fv2%2Ftags&post=12376"}],"curies":[{"name":"wp","href":"https:\/\/api.w.org\/{rel}","templated":true}]}}