{"id":12434,"date":"2025-07-29T19:52:01","date_gmt":"2025-07-29T22:52:01","guid":{"rendered":"https:\/\/realidadsur.com.ar\/?p=12434"},"modified":"2025-07-29T19:52:03","modified_gmt":"2025-07-29T22:52:03","slug":"talleres-de-escalada-brian-fernandez-denuncio-apriete-de-la-barra-brava","status":"publish","type":"post","link":"https:\/\/realidadsur.com.ar\/?p=12434","title":{"rendered":"TALLERES DE ESCALADA: BRIAN FERN\u00c1NDEZ DENUNCI\u00d3 APRIETE DE LA BARRA BRAVA"},"content":{"rendered":"\n<p>El delantero Brian Fern\u00e1ndez desminti\u00f3 al club Talleres de Remedios de Escalada, quien asegur\u00f3 que estaba desaparecido por no presentarse a entrenar hace m\u00e1s de un mes y denunci\u00f3 un apriete por parte de la barra.<\/p>\n\n\n\n<p>A trav\u00e9s de una publicaci\u00f3n en su cuenta personal de la red social Instagram, el futbolista afirm\u00f3 estar \u201cbien y con su familia\u201d y neg\u00f3 que su ausencia est\u00e9 vinculada con problemas de adicci\u00f3n.<\/p>\n\n\n\n<p>A su vez, Fern\u00e1ndez se\u00f1al\u00f3 que mantuvo contacto con el club y que su situaci\u00f3n fue abordada en conjunto con su entorno familiar: \u201cEsta vez no es el caso de lo que todos piensan\u201d, escribi\u00f3.<\/p>\n\n\n\n<p>En ese mismo mensaje, Fern\u00e1ndez expuso que su desvinculaci\u00f3n fue consecuencia de un apriete por parte del jefe de la barra brava de Talleres (RE). Seg\u00fan su relato, tras dos encuentros con el referente de la hinchada (el segundo ya residiendo en el club) recibi\u00f3 instrucciones de abandonar la instituci\u00f3n para evitar conflictos mayores: \u201cSiempre para proteger mi persona, mi carrera y sobre todo mi familia\u201d, concluy\u00f3.<\/p>\n\n\n\n<p>Ante estas declaraciones del propio futbolista, la instituci\u00f3n public\u00f3 una respuesta oficial sobre el futuro del jugador, en donde asegur\u00f3 que nunca fueron comunicados por la decisi\u00f3n del futbolista y que \u201cjam\u00e1s tuvo las puertas cerradas\u201d.<\/p>\n","protected":false},"excerpt":{"rendered":"<p>El delantero Brian Fern\u00e1ndez desminti\u00f3 al club Talleres de Remedios de Escalada, quien asegur\u00f3 que&#8230;<\/p>\n","protected":false},"author":2,"featured_media":12435,"comment_status":"open","ping_status":"open","sticky":false,"template":"","format":"standard","meta":{"_jetpack_memberships_contains_paid_content":false,"footnotes":""},"categories":[876],"tags":[1243,1332],"class_list":["post-12434","post","type-post","status-publish","format-standard","has-post-thumbnail","hentry","category-lanus","tag-remedios-de-escalada","tag-talleres"],"jetpack_featured_media_url":"https:\/\/i0.wp.com\/realidadsur.com.ar\/wp-content\/uploads\/2025\/07\/Brian-Fernandez-en-uno-de-sus-4-partidos.webp?fit=1079%2C720&ssl=1","jetpack_sharing_enabled":true,"_links":{"self":[{"href":"https:\/\/realidadsur.com.ar\/index.php?rest_route=\/wp\/v2\/posts\/12434","targetHints":{"allow":["GET"]}}],"collection":[{"href":"https:\/\/realidadsur.com.ar\/index.php?rest_route=\/wp\/v2\/posts"}],"about":[{"href":"https:\/\/realidadsur.com.ar\/index.php?rest_route=\/wp\/v2\/types\/post"}],"author":[{"embeddable":true,"href":"https:\/\/realidadsur.com.ar\/index.php?rest_route=\/wp\/v2\/users\/2"}],"replies":[{"embeddable":true,"href":"https:\/\/realidadsur.com.ar\/index.php?rest_route=%2Fwp%2Fv2%2Fcomments&post=12434"}],"version-history":[{"count":1,"href":"https:\/\/realidadsur.com.ar\/index.php?rest_route=\/wp\/v2\/posts\/12434\/revisions"}],"predecessor-version":[{"id":12436,"href":"https:\/\/realidadsur.com.ar\/index.php?rest_route=\/wp\/v2\/posts\/12434\/revisions\/12436"}],"wp:featuredmedia":[{"embeddable":true,"href":"https:\/\/realidadsur.com.ar\/index.php?rest_route=\/wp\/v2\/media\/12435"}],"wp:attachment":[{"href":"https:\/\/realidadsur.com.ar\/index.php?rest_route=%2Fwp%2Fv2%2Fmedia&parent=12434"}],"wp:term":[{"taxonomy":"category","embeddable":true,"href":"https:\/\/realidadsur.com.ar\/index.php?rest_route=%2Fwp%2Fv2%2Fcategories&post=12434"},{"taxonomy":"post_tag","embeddable":true,"href":"https:\/\/realidadsur.com.ar\/index.php?rest_route=%2Fwp%2Fv2%2Ftags&post=12434"}],"curies":[{"name":"wp","href":"https:\/\/api.w.org\/{rel}","templated":true}]}}