{"id":12509,"date":"2025-08-03T20:15:09","date_gmt":"2025-08-03T23:15:09","guid":{"rendered":"https:\/\/realidadsur.com.ar\/?p=12509"},"modified":"2025-08-03T20:15:11","modified_gmt":"2025-08-03T23:15:11","slug":"detuvieron-al-ladron-que-rompio-un-vidrio-para-robar-un-kiosco","status":"publish","type":"post","link":"https:\/\/realidadsur.com.ar\/?p=12509","title":{"rendered":"DETUVIERON AL LADR\u00d3N QUE ROMPI\u00d3 UN VIDRIO PARA ROBAR UN KIOSCO"},"content":{"rendered":"\n<p>Un joven de 18 a\u00f1os fue detenido por efectivos de la Subdelegaci\u00f3n Departamental de Investigaciones (SDDI) de Berazategui, acusado de cometer un robo agravado con arma blanca a un comercio de la zona d\u00edas atr\u00e1s.<\/p>\n\n\n\n<p>El hecho que dio inicio a la investigaci\u00f3n ocurri\u00f3 en la madrugada del 28 de julio, alrededor de las 2:30, cuando el ladr\u00f3n rompi\u00f3 el vidrio de ingreso al kiosco \u201cLos \u00c1ngeles\u201d, ubicado en calle 123 N\u00b0 704, y bajo amenazas con un arma blanca, asalt\u00f3 a la empleada, de 18 a\u00f1os robando $70.000 en efectivo, cigarrillos, bebidas alcoh\u00f3licas y un tel\u00e9fono celular.<\/p>\n\n\n\n<p>Luego de un an\u00e1lisis de c\u00e1maras de seguridad y declaraciones testimoniales, los investigadores lograron identificar al autor del hecho como Abraham Luis Nahuel, alias \u201cLuchi\u201d, tambi\u00e9n de 18 a\u00f1os.<\/p>\n\n\n\n<p>El 30 de julio, se solicitaron y ejecutaron \u00f3rdenes de allanamiento con la colaboraci\u00f3n del Grupo T\u00e1ctico Operativo de la Comisar\u00eda 1\u00aa de Berazategui.<\/p>\n\n\n\n<p>Finalmente, este s\u00e1bado 2 de agosto, el acusado fue interceptado en la v\u00eda p\u00fablica, en calles 21 y 160, donde fue aprehendido y puesto a disposici\u00f3n de la UFI N\u00b04 de Berazategui, a cargo de la fiscal Silvia Borrone.<\/p>\n\n\n\n<p>La fiscal\u00eda lo imput\u00f3 por el delito de \u201crobo agravado por el uso de arma\u201d y continuar\u00e1 con las actuaciones judiciales en las pr\u00f3ximas horas.<\/p>\n","protected":false},"excerpt":{"rendered":"<p>Un joven de 18 a\u00f1os fue detenido por efectivos de la Subdelegaci\u00f3n Departamental de Investigaciones&#8230;<\/p>\n","protected":false},"author":2,"featured_media":12510,"comment_status":"open","ping_status":"open","sticky":false,"template":"","format":"standard","meta":{"_jetpack_memberships_contains_paid_content":false,"footnotes":""},"categories":[6],"tags":[],"class_list":["post-12509","post","type-post","status-publish","format-standard","has-post-thumbnail","hentry","category-berazategui"],"jetpack_featured_media_url":"https:\/\/i0.wp.com\/realidadsur.com.ar\/wp-content\/uploads\/2025\/08\/El-detenido-tiene-18-anos.webp?fit=601%2C720&ssl=1","jetpack_sharing_enabled":true,"_links":{"self":[{"href":"https:\/\/realidadsur.com.ar\/index.php?rest_route=\/wp\/v2\/posts\/12509","targetHints":{"allow":["GET"]}}],"collection":[{"href":"https:\/\/realidadsur.com.ar\/index.php?rest_route=\/wp\/v2\/posts"}],"about":[{"href":"https:\/\/realidadsur.com.ar\/index.php?rest_route=\/wp\/v2\/types\/post"}],"author":[{"embeddable":true,"href":"https:\/\/realidadsur.com.ar\/index.php?rest_route=\/wp\/v2\/users\/2"}],"replies":[{"embeddable":true,"href":"https:\/\/realidadsur.com.ar\/index.php?rest_route=%2Fwp%2Fv2%2Fcomments&post=12509"}],"version-history":[{"count":1,"href":"https:\/\/realidadsur.com.ar\/index.php?rest_route=\/wp\/v2\/posts\/12509\/revisions"}],"predecessor-version":[{"id":12511,"href":"https:\/\/realidadsur.com.ar\/index.php?rest_route=\/wp\/v2\/posts\/12509\/revisions\/12511"}],"wp:featuredmedia":[{"embeddable":true,"href":"https:\/\/realidadsur.com.ar\/index.php?rest_route=\/wp\/v2\/media\/12510"}],"wp:attachment":[{"href":"https:\/\/realidadsur.com.ar\/index.php?rest_route=%2Fwp%2Fv2%2Fmedia&parent=12509"}],"wp:term":[{"taxonomy":"category","embeddable":true,"href":"https:\/\/realidadsur.com.ar\/index.php?rest_route=%2Fwp%2Fv2%2Fcategories&post=12509"},{"taxonomy":"post_tag","embeddable":true,"href":"https:\/\/realidadsur.com.ar\/index.php?rest_route=%2Fwp%2Fv2%2Ftags&post=12509"}],"curies":[{"name":"wp","href":"https:\/\/api.w.org\/{rel}","templated":true}]}}