{"id":12597,"date":"2025-08-10T13:13:08","date_gmt":"2025-08-10T16:13:08","guid":{"rendered":"https:\/\/realidadsur.com.ar\/?p=12597"},"modified":"2025-08-10T13:13:10","modified_gmt":"2025-08-10T16:13:10","slug":"milei-confia-en-su-plan-cambiario-y-apuesta-a-que-el-dolar-no-afecte-los-precios","status":"publish","type":"post","link":"https:\/\/realidadsur.com.ar\/?p=12597","title":{"rendered":"MILEI CONF\u00cdA EN SU PLAN CAMBIARIO Y APUESTA A QUE EL D\u00d3LAR NO AFECTE LOS PRECIOS"},"content":{"rendered":"\n<p>El presidente Javier Milei volvi\u00f3 a salir a defender el sistema cambiario y argument\u00f3 por qu\u00e9 el d\u00f3lar no deber\u00eda trasladarse a precios.<\/p>\n\n\n\n<p>&#8220;Si no hay convalidaci\u00f3n monetaria, el nivel de precios no cambiar\u00e1 y todo es una cuesti\u00f3n de precios relativos&#8221;, dijo.<\/p>\n\n\n\n<p>Adem\u00e1s, rechaz\u00f3 que el traspaso a precios del movimiento en el precio del d\u00f3lar (passthrough), tenga sustento te\u00f3rico en la coyuntura actual.<\/p>\n\n\n\n<p>Milei t\u00edtulo su texto &#8220;Aspectos esenciales del an\u00e1lisis monetario&#8221;, y critic\u00f3 los \u201cerrores\u201d de muchos economistas.<\/p>\n\n\n\n<p>Adem\u00e1s, el Presidente volvi\u00f3 a echar mano de la teor\u00eda elaborada por el economista Milton Friedman, premio nobel de Econom\u00eda en 1976, quien sosten\u00eda que la inflaci\u00f3n es &#8220;siempre y en todo lugar un fen\u00f3meno monetario&#8221;.<\/p>\n","protected":false},"excerpt":{"rendered":"<p>El presidente Javier Milei volvi\u00f3 a salir a defender el sistema cambiario y argument\u00f3 por&#8230;<\/p>\n","protected":false},"author":2,"featured_media":4776,"comment_status":"open","ping_status":"open","sticky":false,"template":"","format":"standard","meta":{"_jetpack_memberships_contains_paid_content":false,"footnotes":""},"categories":[3],"tags":[200],"class_list":["post-12597","post","type-post","status-publish","format-standard","has-post-thumbnail","hentry","category-nacion","tag-javier-milei"],"jetpack_featured_media_url":"https:\/\/i0.wp.com\/realidadsur.com.ar\/wp-content\/uploads\/2024\/04\/Milei-presidio-el-acto-por-Malvinas.webp?fit=1200%2C675&ssl=1","jetpack_sharing_enabled":true,"_links":{"self":[{"href":"https:\/\/realidadsur.com.ar\/index.php?rest_route=\/wp\/v2\/posts\/12597","targetHints":{"allow":["GET"]}}],"collection":[{"href":"https:\/\/realidadsur.com.ar\/index.php?rest_route=\/wp\/v2\/posts"}],"about":[{"href":"https:\/\/realidadsur.com.ar\/index.php?rest_route=\/wp\/v2\/types\/post"}],"author":[{"embeddable":true,"href":"https:\/\/realidadsur.com.ar\/index.php?rest_route=\/wp\/v2\/users\/2"}],"replies":[{"embeddable":true,"href":"https:\/\/realidadsur.com.ar\/index.php?rest_route=%2Fwp%2Fv2%2Fcomments&post=12597"}],"version-history":[{"count":1,"href":"https:\/\/realidadsur.com.ar\/index.php?rest_route=\/wp\/v2\/posts\/12597\/revisions"}],"predecessor-version":[{"id":12598,"href":"https:\/\/realidadsur.com.ar\/index.php?rest_route=\/wp\/v2\/posts\/12597\/revisions\/12598"}],"wp:featuredmedia":[{"embeddable":true,"href":"https:\/\/realidadsur.com.ar\/index.php?rest_route=\/wp\/v2\/media\/4776"}],"wp:attachment":[{"href":"https:\/\/realidadsur.com.ar\/index.php?rest_route=%2Fwp%2Fv2%2Fmedia&parent=12597"}],"wp:term":[{"taxonomy":"category","embeddable":true,"href":"https:\/\/realidadsur.com.ar\/index.php?rest_route=%2Fwp%2Fv2%2Fcategories&post=12597"},{"taxonomy":"post_tag","embeddable":true,"href":"https:\/\/realidadsur.com.ar\/index.php?rest_route=%2Fwp%2Fv2%2Ftags&post=12597"}],"curies":[{"name":"wp","href":"https:\/\/api.w.org\/{rel}","templated":true}]}}