{"id":1263,"date":"2023-10-02T19:02:27","date_gmt":"2023-10-02T22:02:27","guid":{"rendered":"https:\/\/realidadsur.com.ar\/?p=1263"},"modified":"2023-10-02T19:02:28","modified_gmt":"2023-10-02T22:02:28","slug":"techint-llega-a-la-plata-con-su-gira-en-busca-de-pasantes","status":"publish","type":"post","link":"https:\/\/realidadsur.com.ar\/?p=1263","title":{"rendered":"TECHINT LLEGA A LA PLATA CON SU GIRA EN BUSCA DE PASANTES"},"content":{"rendered":"\n<p>El Grupo Techint inici\u00f3 el pasado 14 de agosto la gira&nbsp;nacional para incorporar a estudiantes y reci\u00e9n graduados para el Programa de J\u00f3venes&nbsp;Profesionales (JP) y las Pr\u00e1cticas Educativas de Verano (PEV). Con el lema&nbsp;\u201cS\u00e9 el&nbsp;protagonista de tu futuro profesional\u201d, la b\u00fasqueda est\u00e1 orientada a estudiantes&nbsp;universitarios que hayan aprobado por lo menos el 50% de la carrera o graduados de las&nbsp;siguientes carreras: Ingenier\u00eda Industrial, El\u00e9ctrica, Electr\u00f3nica, en Materiales, en&nbsp;Petr\u00f3leo, Mec\u00e1nica, Mecatr\u00f3nica o Electromec\u00e1nica, Qu\u00edmica, Sistemas; Administraci\u00f3n&nbsp;de Empresas y Contador.<\/p>\n\n\n\n<p>En La Plata, la convocatoria estar\u00e1 abierta hasta el 26 de octubre. La empresa seleccionar\u00e1&nbsp;al menos 400 j\u00f3venes para las m\u00faltiples empresas del Grupo, contemplando un paquete&nbsp;de relocalizaci\u00f3n con alojamiento, transporte y vi\u00e1ticos para quienes viven lejos de las&nbsp;locaciones de la compa\u00f1\u00eda.<\/p>\n\n\n\n<p>Las iniciativas JP y PEV forman parte del Plan de Carrera para&nbsp;los equipos de Techint, que contempla programas diferenciados en todos los niveles de la&nbsp;organizaci\u00f3n.<\/p>\n\n\n\n<p>En 2022, ingresaron a la compa\u00f1\u00eda m\u00e1s de 400 participantes de estos&nbsp;programas, de los cuales alrededor del 40% fueron mujeres. &nbsp;<\/p>\n\n\n\n<p>Lara Lascurain, Talent Management Director&nbsp;del Grupo Techint declar\u00f3 que&nbsp;\u201cestos programas permiten que los y las j\u00f3venes vivan una primera experiencia real en el&nbsp;campo laboral, adquieran conocimiento, y den el primer paso de su carrera profesional.&nbsp;Vemos en los JP y los PEV a los l\u00edderes del futuro de la compa\u00f1\u00eda\u201d.<\/p>\n\n\n\n<p>\u201cFue una experiencia que me ayud\u00f3 mucho a crecer profesional y personalmente\u201d,&nbsp;remarc\u00f3 Micaela Pesce, estudiante de Contabilidad que desarroll\u00f3 sus PEV&nbsp;en Techint Ingenier\u00eda y Construcci\u00f3n y tuvo continuidad en la empresa.<\/p>\n\n\n\n<p>El&nbsp;Programa de J\u00f3venes Profesionales (JP), pionero en la Argentina, est\u00e1&nbsp;orientado a graduados recientes o estudiantes en su \u00faltimo a\u00f1o de carrera que busquen&nbsp;una incorporaci\u00f3n efectiva.<\/p>\n\n\n\n<p>A lo largo de la experiencia, los participantes tendr\u00e1n la&nbsp;oportunidad de capacitarse, hacer networking con colegas de todo el mundo y rotar de&nbsp;\u00e1reas para tener una visi\u00f3n global de la compa\u00f1\u00eda.<\/p>\n\n\n\n<p>Se trata de una herramienta&nbsp;estrat\u00e9gica, dise\u00f1ada para garantizar el desarrollo de profesionales con potencial para&nbsp;convertirse en los futuros l\u00edderes de las empresas del Grupo Techint.&nbsp;<\/p>\n\n\n\n<p>Alrededor del&nbsp;50% de la alta direcci\u00f3n del Grupo en Argentina ingres\u00f3 a trav\u00e9s de estos&nbsp;programas, que se desarrollan desde hace m\u00e1s de 35 a\u00f1os. &nbsp;<\/p>\n\n\n\n<p>Las&nbsp;Pr\u00e1cticas Educativas de Verano (PEV)&nbsp;tienen una duraci\u00f3n de tres meses, de&nbsp;enero a marzo y son remuneradas. Durante su transcurso, los aplicantes llevan adelante&nbsp;un proyecto espec\u00edfico con tareas y responsabilidades, siempre acompa\u00f1ados por un&nbsp;tutor.<\/p>\n\n\n\n<p>El objetivo es complementar su formaci\u00f3n acad\u00e9mica y permitirles llevar a la&nbsp;pr\u00e1ctica todos los conocimientos te\u00f3ricos adquiridos durante sus estudios.&nbsp;En 2022,&nbsp;m\u00e1s del 50% de los participantes continuaron como empleados permanentes&nbsp;de la compa\u00f1\u00eda una vez finalizada su experiencia de verano.<\/p>\n\n\n\n<p>Para postularse, los estudiantes deben ingresar en careers.techint.com, filtrar por la&nbsp;palabra clave \u201cPEV\u201d o \u201cJP\u201d, y seleccionar la localidad en la que les gustar\u00eda aplicar. Una<br>vez postulado, y si el perfil coincide con los requisitos, la empresa se pondr\u00e1 en contacto&nbsp;para iniciar el proceso de selecci\u00f3n.<\/p>\n\n\n\n<p>Los ingresantes al programa de JP y PEV podr\u00e1n participar de proyectos desafiantes, con impacto&nbsp;en la matriz energ\u00e9tica y desarrollo econ\u00f3mico de la Argentina, como la descarbonizaci\u00f3n de los&nbsp;procesos sider\u00fargicos, el desarrollo de Vaca Muerta y la transici\u00f3n energ\u00e9tica o la construcci\u00f3n de&nbsp;grandes obras de infraestructura como gasoductos, centrales t\u00e9rmicas o el desarrollo de parques&nbsp;e\u00f3licos. Los colaboradores del Grupo Techint trabajan en un ambiente de trabajo amigable, y con&nbsp;equipos multiculturales. &nbsp;<br>Grupo Techint es una empresa l\u00edder a nivel global, con operaciones en 19 pa\u00edses. Est\u00e1 compuesto&nbsp;principalmente por&nbsp;Tenaris, Ternium, Tecpetrol y Techint Ingenier\u00eda y Construcci\u00f3n,&nbsp;compa\u00f1\u00edas que comparten una filosof\u00eda de compromiso con la calidad de sus productos, el uso de&nbsp;tecnolog\u00eda, y el desarrollo local a largo plazo.&nbsp;Tenaris&nbsp;es l\u00edder en la provisi\u00f3n de tubos y servicios&nbsp;para la industria energ\u00e9tica mundial.&nbsp;Ternium&nbsp;es fabricante l\u00edder de productos terminados de&nbsp;acero en Am\u00e9rica Latina.&nbsp;Tecpetrol&nbsp;act\u00faa en el sector de la energ\u00eda en Am\u00e9rica Latina, con&nbsp;actividades de exploraci\u00f3n y producci\u00f3n de petr\u00f3leo y gas (E&amp;P).&nbsp;Techint Ingenier\u00eda y&nbsp;Construcci\u00f3n&nbsp;provee servicios de Ingenier\u00eda, Suministros y Construcci\u00f3n para proyectos&nbsp;complejos en todo el mundo.<\/p>\n\n\n\n<p>Adem\u00e1s, los ingresantes como JP contar\u00e1n con beneficios de primer nivel como una semana&nbsp;adicional de vacaciones, cobertura m\u00e9dica, bonos por performance y por resultados de la&nbsp;compa\u00f1\u00eda, 2 semanas de remote work, cobros adicionales por almuerzo, descuentos en gimnasios&nbsp;y diversas marcas, capacitaciones en idiomas y convenios con universidades, formaci\u00f3n constante&nbsp;y cursos.<\/p>\n\n\n\n<p>LAS FECHAS DE LA GIRA<\/p>\n\n\n\n<p>14\/08 al 24\/08 Bah\u00eda Blanca<\/p>\n\n\n\n<p>22\/08 al 31\/08 Tucum\u00e1n<\/p>\n\n\n\n<p>28\/08 al 07\/09 C\u00f3rdoba<\/p>\n\n\n\n<p>4\/09 al 19\/09 Mendoza<\/p>\n\n\n\n<p>4\/09 al 14\/09 San Juan<\/p>\n\n\n\n<p>11\/09 al 03\/10 Neuqu\u00e9n<\/p>\n\n\n\n<p>11\/09 al 03\/10 Comodoro Rivadavia<\/p>\n\n\n\n<p>4\/09 al 28\/09 Mar del Plata<\/p>\n\n\n\n<p>18\/09 al 5\/10 Santa F\u00e9 \/ Litoral<\/p>\n\n\n\n<p>25\/09 al 24\/10 Rosario<\/p>\n\n\n\n<p>25\/09 al 23\/10 San Nicol\u00e1s &nbsp;<\/p>\n\n\n\n<p>2\/10 al 26\/10 La Plata<\/p>\n\n\n\n<p>9\/10 al 26\/10 Salta &nbsp;<\/p>\n\n\n\n<p>17\/10 al 2\/11 CABA-GBA &nbsp;<\/p>\n","protected":false},"excerpt":{"rendered":"<p>El Grupo Techint inici\u00f3 el pasado 14 de agosto la gira&nbsp;nacional para incorporar a estudiantes&#8230;<\/p>\n","protected":false},"author":2,"featured_media":1264,"comment_status":"open","ping_status":"open","sticky":false,"template":"","format":"standard","meta":{"_jetpack_memberships_contains_paid_content":false,"footnotes":""},"categories":[3,4],"tags":[456,181,455,454],"class_list":["post-1263","post","type-post","status-publish","format-standard","has-post-thumbnail","hentry","category-nacion","category-provincia","tag-grupo-techint","tag-la-plata","tag-pasantias","tag-techint"],"jetpack_featured_media_url":"https:\/\/i0.wp.com\/realidadsur.com.ar\/wp-content\/uploads\/2023\/10\/Foto-JP-1-1-scaled.jpg?fit=2560%2C1707&ssl=1","jetpack_sharing_enabled":true,"_links":{"self":[{"href":"https:\/\/realidadsur.com.ar\/index.php?rest_route=\/wp\/v2\/posts\/1263","targetHints":{"allow":["GET"]}}],"collection":[{"href":"https:\/\/realidadsur.com.ar\/index.php?rest_route=\/wp\/v2\/posts"}],"about":[{"href":"https:\/\/realidadsur.com.ar\/index.php?rest_route=\/wp\/v2\/types\/post"}],"author":[{"embeddable":true,"href":"https:\/\/realidadsur.com.ar\/index.php?rest_route=\/wp\/v2\/users\/2"}],"replies":[{"embeddable":true,"href":"https:\/\/realidadsur.com.ar\/index.php?rest_route=%2Fwp%2Fv2%2Fcomments&post=1263"}],"version-history":[{"count":1,"href":"https:\/\/realidadsur.com.ar\/index.php?rest_route=\/wp\/v2\/posts\/1263\/revisions"}],"predecessor-version":[{"id":1265,"href":"https:\/\/realidadsur.com.ar\/index.php?rest_route=\/wp\/v2\/posts\/1263\/revisions\/1265"}],"wp:featuredmedia":[{"embeddable":true,"href":"https:\/\/realidadsur.com.ar\/index.php?rest_route=\/wp\/v2\/media\/1264"}],"wp:attachment":[{"href":"https:\/\/realidadsur.com.ar\/index.php?rest_route=%2Fwp%2Fv2%2Fmedia&parent=1263"}],"wp:term":[{"taxonomy":"category","embeddable":true,"href":"https:\/\/realidadsur.com.ar\/index.php?rest_route=%2Fwp%2Fv2%2Fcategories&post=1263"},{"taxonomy":"post_tag","embeddable":true,"href":"https:\/\/realidadsur.com.ar\/index.php?rest_route=%2Fwp%2Fv2%2Ftags&post=1263"}],"curies":[{"name":"wp","href":"https:\/\/api.w.org\/{rel}","templated":true}]}}