{"id":13055,"date":"2025-09-08T19:56:54","date_gmt":"2025-09-08T22:56:54","guid":{"rendered":"https:\/\/realidadsur.com.ar\/?p=13055"},"modified":"2025-09-08T19:56:56","modified_gmt":"2025-09-08T22:56:56","slug":"adorni-bullrich-milei-y-su-hermana-seran-los-encargados-solucionar-los-efectos-de-la-derrota-del-domingo","status":"publish","type":"post","link":"https:\/\/realidadsur.com.ar\/?p=13055","title":{"rendered":"ADORNI, BULLRICH, MILEI Y SU HERMANA SER\u00c1N LOS ENCARGADOS SOLUCIONAR LOS EFECTOS DE LA DERROTA DEL DOMINGO"},"content":{"rendered":"\n<p>El vocero presidencial, Manuel Adorni, inform\u00f3 este lunes que el presidente Javier Milei &#8220;tom\u00f3 la decisi\u00f3n de conformar una mesa pol\u00edtica nacional&#8221;.<\/p>\n\n\n\n<p>Esta nueva mesa de conducci\u00f3n ser\u00e1 presidida por el propio Milei y estar\u00e1 conformada por su c\u00edrculo de m\u00e1xima confianza: Karina Milei, Guillermo Francos, Patricia Bullrich, Santiago Caputo, Mart\u00edn Menem y el propio Adorni.<\/p>\n\n\n\n<p>Esta medida es la respuesta directa a la derrota (47% a 33%) y a la feroz interna, que incluy\u00f3 esc\u00e1ndalos de corrupci\u00f3n y peleas p\u00fablicas, que golpe\u00f3 al oficialismo.<\/p>\n","protected":false},"excerpt":{"rendered":"<p>El vocero presidencial, Manuel Adorni, inform\u00f3 este lunes que el presidente Javier Milei &#8220;tom\u00f3 la&#8230;<\/p>\n","protected":false},"author":2,"featured_media":13056,"comment_status":"open","ping_status":"open","sticky":false,"template":"","format":"standard","meta":{"_jetpack_memberships_contains_paid_content":false,"footnotes":""},"categories":[3],"tags":[200],"class_list":["post-13055","post","type-post","status-publish","format-standard","has-post-thumbnail","hentry","category-nacion","tag-javier-milei"],"jetpack_featured_media_url":"https:\/\/i0.wp.com\/realidadsur.com.ar\/wp-content\/uploads\/2025\/09\/Un-super-grupo-para-contrarstar-la-derrota.webp?fit=1066%2C720&ssl=1","jetpack_sharing_enabled":true,"_links":{"self":[{"href":"https:\/\/realidadsur.com.ar\/index.php?rest_route=\/wp\/v2\/posts\/13055","targetHints":{"allow":["GET"]}}],"collection":[{"href":"https:\/\/realidadsur.com.ar\/index.php?rest_route=\/wp\/v2\/posts"}],"about":[{"href":"https:\/\/realidadsur.com.ar\/index.php?rest_route=\/wp\/v2\/types\/post"}],"author":[{"embeddable":true,"href":"https:\/\/realidadsur.com.ar\/index.php?rest_route=\/wp\/v2\/users\/2"}],"replies":[{"embeddable":true,"href":"https:\/\/realidadsur.com.ar\/index.php?rest_route=%2Fwp%2Fv2%2Fcomments&post=13055"}],"version-history":[{"count":1,"href":"https:\/\/realidadsur.com.ar\/index.php?rest_route=\/wp\/v2\/posts\/13055\/revisions"}],"predecessor-version":[{"id":13057,"href":"https:\/\/realidadsur.com.ar\/index.php?rest_route=\/wp\/v2\/posts\/13055\/revisions\/13057"}],"wp:featuredmedia":[{"embeddable":true,"href":"https:\/\/realidadsur.com.ar\/index.php?rest_route=\/wp\/v2\/media\/13056"}],"wp:attachment":[{"href":"https:\/\/realidadsur.com.ar\/index.php?rest_route=%2Fwp%2Fv2%2Fmedia&parent=13055"}],"wp:term":[{"taxonomy":"category","embeddable":true,"href":"https:\/\/realidadsur.com.ar\/index.php?rest_route=%2Fwp%2Fv2%2Fcategories&post=13055"},{"taxonomy":"post_tag","embeddable":true,"href":"https:\/\/realidadsur.com.ar\/index.php?rest_route=%2Fwp%2Fv2%2Ftags&post=13055"}],"curies":[{"name":"wp","href":"https:\/\/api.w.org\/{rel}","templated":true}]}}