{"id":13058,"date":"2025-09-08T20:05:27","date_gmt":"2025-09-08T23:05:27","guid":{"rendered":"https:\/\/realidadsur.com.ar\/?p=13058"},"modified":"2025-09-08T20:05:29","modified_gmt":"2025-09-08T23:05:29","slug":"el-varelense-bondarenko-fustigado-por-las-fuerzas-del-cielo","status":"publish","type":"post","link":"https:\/\/realidadsur.com.ar\/?p=13058","title":{"rendered":"EL VARELENSE BONDARENKO FUSTIGADO POR LAS FUERZAS DEL CIELO"},"content":{"rendered":"\n<p>El militante y streamer Daniel &#8220;Gordo Dan&#8221; Parisini cruz\u00f3 p\u00fablicamente al diputado electo, y concejal de Florencio Varela, Maximiliano Bondarenko por admitir el impacto negativo del ajuste, y apunt\u00f3 contra el armador provincial, Sebasti\u00e1n Pareja.<\/p>\n\n\n\n<p>El ex polic\u00eda electo por la Tercera Secci\u00f3n, en CNN Radio, pidi\u00f3 &#8220;empezar a escuchar m\u00e1s a la gente&#8221;.<\/p>\n\n\n\n<p>El diputado electo asever\u00f3: &#8220;Mi mam\u00e1 es jubilada, tiene 91 a\u00f1os, y no llega a fin de mes, el d\u00eda 15 para ella es fin de mes&#8221;.<\/p>\n\n\n\n<p>As\u00ed, el Gordo Dan asegur\u00f3 que esa declaraci\u00f3n es la &#8220;consecuencia de poner a gente que no conoce y, por sobre todo, que no cree en el presidente Milei&#8221;.<\/p>\n\n\n\n<p>El ataque de Parisini no solo fue contra el diputado electo, sino un misil directo al armado provincial de Sebasti\u00e1n Pareja, a quien culp\u00f3 impl\u00edcitamente por la selecci\u00f3n de candidatos que, seg\u00fan \u00e9l, no son leales al Presidente.<\/p>\n","protected":false},"excerpt":{"rendered":"<p>El militante y streamer Daniel &#8220;Gordo Dan&#8221; Parisini cruz\u00f3 p\u00fablicamente al diputado electo, y concejal&#8230;<\/p>\n","protected":false},"author":2,"featured_media":13059,"comment_status":"open","ping_status":"open","sticky":false,"template":"","format":"standard","meta":{"_jetpack_memberships_contains_paid_content":false,"footnotes":""},"categories":[3],"tags":[26,3827,200,3676,2737],"class_list":["post-13058","post","type-post","status-publish","format-standard","has-post-thumbnail","hentry","category-nacion","tag-florencio-varela","tag-gordo-dan","tag-javier-milei","tag-maximiliano-bondarenko","tag-sebastian-pareja"],"jetpack_featured_media_url":"https:\/\/i0.wp.com\/realidadsur.com.ar\/wp-content\/uploads\/2025\/09\/El-Gordo-Dan-critico-al-ex-candidato-de-Milei.jpg?fit=987%2C555&ssl=1","jetpack_sharing_enabled":true,"_links":{"self":[{"href":"https:\/\/realidadsur.com.ar\/index.php?rest_route=\/wp\/v2\/posts\/13058","targetHints":{"allow":["GET"]}}],"collection":[{"href":"https:\/\/realidadsur.com.ar\/index.php?rest_route=\/wp\/v2\/posts"}],"about":[{"href":"https:\/\/realidadsur.com.ar\/index.php?rest_route=\/wp\/v2\/types\/post"}],"author":[{"embeddable":true,"href":"https:\/\/realidadsur.com.ar\/index.php?rest_route=\/wp\/v2\/users\/2"}],"replies":[{"embeddable":true,"href":"https:\/\/realidadsur.com.ar\/index.php?rest_route=%2Fwp%2Fv2%2Fcomments&post=13058"}],"version-history":[{"count":1,"href":"https:\/\/realidadsur.com.ar\/index.php?rest_route=\/wp\/v2\/posts\/13058\/revisions"}],"predecessor-version":[{"id":13060,"href":"https:\/\/realidadsur.com.ar\/index.php?rest_route=\/wp\/v2\/posts\/13058\/revisions\/13060"}],"wp:featuredmedia":[{"embeddable":true,"href":"https:\/\/realidadsur.com.ar\/index.php?rest_route=\/wp\/v2\/media\/13059"}],"wp:attachment":[{"href":"https:\/\/realidadsur.com.ar\/index.php?rest_route=%2Fwp%2Fv2%2Fmedia&parent=13058"}],"wp:term":[{"taxonomy":"category","embeddable":true,"href":"https:\/\/realidadsur.com.ar\/index.php?rest_route=%2Fwp%2Fv2%2Fcategories&post=13058"},{"taxonomy":"post_tag","embeddable":true,"href":"https:\/\/realidadsur.com.ar\/index.php?rest_route=%2Fwp%2Fv2%2Ftags&post=13058"}],"curies":[{"name":"wp","href":"https:\/\/api.w.org\/{rel}","templated":true}]}}