{"id":13314,"date":"2025-09-29T21:15:03","date_gmt":"2025-09-30T00:15:03","guid":{"rendered":"https:\/\/realidadsur.com.ar\/?p=13314"},"modified":"2025-09-29T21:15:04","modified_gmt":"2025-09-30T00:15:04","slug":"berazategui-se-prepara-para-la-18-feria-del-libro-municipal","status":"publish","type":"post","link":"https:\/\/realidadsur.com.ar\/?p=13314","title":{"rendered":"BERAZATEGUI SE PREPARA PARA LA 18\u00b0 FERIA DEL LIBRO MUNICIPAL"},"content":{"rendered":"\n<p>Del s\u00e1bado 4 al domingo 12 de octubre se realizar\u00e1 la 18\u00b0 edici\u00f3n de Librarte, la Feria del Libro de Berazategui, organizada por la Municipalidad. Se desarrollar\u00e1 de lunes a viernes, de 14.00 a 21.00; y s\u00e1bados y domingos, de 15.00 a 21.00, en el Centro Municipal de Actividades Roberto De Vicenzo (calle 18 y 148), con entrada libre y gratuita. En esta oportunidad, se presentar\u00e1n Alejandro Dolina, Dar\u00edo Sztajnszrajber, Dora Barrancos, Fernando de Vedia y Kekena Corval\u00e1n, entre otras figuras destacadas de la cultura argentina.<\/p>\n\n\n\n<p>Librarte es una iniciativa que, como cada a\u00f1o, es impulsada por el intendente Juan Jos\u00e9 Mussi y organizada por la Secretar\u00eda de Cultura y Educaci\u00f3n. Es una de las cinco ferias m\u00e1s importantes del pa\u00eds. Propone 20 actividades y presentaciones diarias para docentes, estudiantes, artistas y p\u00fablico en general, como mesas redondas, conferencias, presentaciones de libros, espect\u00e1culos, conciertos y teatro, talleres, encuentros de narraci\u00f3n, adem\u00e1s de la visita de reconocidos escritores y personalidades del ambiente editorial.<\/p>\n\n\n\n<figure class=\"wp-block-image aligncenter size-large is-resized\"><img data-recalc-dims=\"1\" loading=\"lazy\" decoding=\"async\" width=\"640\" height=\"426\" src=\"https:\/\/i0.wp.com\/realidadsur.com.ar\/wp-content\/uploads\/2025\/09\/Berazategui-se-prepara-para-la-18%C2%B0-Feria-del-Libro-Municipal-5-1024x682.jpg?resize=640%2C426&#038;ssl=1\" alt=\"\" class=\"wp-image-13316\" style=\"width:530px;height:auto\" srcset=\"https:\/\/i0.wp.com\/realidadsur.com.ar\/wp-content\/uploads\/2025\/09\/Berazategui-se-prepara-para-la-18%C2%B0-Feria-del-Libro-Municipal-5.jpg?resize=1024%2C682&amp;ssl=1 1024w, https:\/\/i0.wp.com\/realidadsur.com.ar\/wp-content\/uploads\/2025\/09\/Berazategui-se-prepara-para-la-18%C2%B0-Feria-del-Libro-Municipal-5.jpg?resize=300%2C200&amp;ssl=1 300w, https:\/\/i0.wp.com\/realidadsur.com.ar\/wp-content\/uploads\/2025\/09\/Berazategui-se-prepara-para-la-18%C2%B0-Feria-del-Libro-Municipal-5.jpg?resize=768%2C512&amp;ssl=1 768w, https:\/\/i0.wp.com\/realidadsur.com.ar\/wp-content\/uploads\/2025\/09\/Berazategui-se-prepara-para-la-18%C2%B0-Feria-del-Libro-Municipal-5.jpg?resize=1536%2C1023&amp;ssl=1 1536w, https:\/\/i0.wp.com\/realidadsur.com.ar\/wp-content\/uploads\/2025\/09\/Berazategui-se-prepara-para-la-18%C2%B0-Feria-del-Libro-Municipal-5.jpg?w=1600&amp;ssl=1 1600w, https:\/\/i0.wp.com\/realidadsur.com.ar\/wp-content\/uploads\/2025\/09\/Berazategui-se-prepara-para-la-18%C2%B0-Feria-del-Libro-Municipal-5.jpg?w=1280 1280w\" sizes=\"auto, (max-width: 640px) 100vw, 640px\" \/><\/figure>\n\n\n\n<p>En esta oportunidad, adem\u00e1s, visitar\u00e1n la Feria del Libro: Liliana Cinetto, Adela Basch, Fernando De Vedia, Magela Demarco, Silvia Schujer, Dar\u00edo Sztajnszrajber; Alejandro Dolina, con la grabaci\u00f3n del cl\u00e1sico programa radial \u201cLa venganza ser\u00e1 terrible\u201d; Poly Bernatene, Canela; la proyecci\u00f3n del documental &#8220;La sociedad del afecto&#8221; de Chiqui Gonz\u00e1lez; Isol, Roberto Caballero, Mauro Libertella, Tute, Dora Barrancos, Kekena Corval\u00e1n, Juan Sol\u00e1, Hern\u00e1n Ronsino, Cinwololo, Cynthia Edul; la Charla &#8220;Animales en libertad. La literatura y la educaci\u00f3n ambiental&#8221;, a cargo de Fernando Pieroni; Nacho Gir\u00f3n; y la presentaci\u00f3n de 2 nuevas colecciones de libros de la Editorial Municipal Ediber.<\/p>\n\n\n\n<p>Al respecto, el secretario de Cultura y Educaci\u00f3n municipal, Federico L\u00f3pez, expres\u00f3: \u201cSe viene una nueva edici\u00f3n de Librarte, un megaevento cultural que desde hace 18 a\u00f1os viene desarroll\u00e1ndose en Berazategui y que ya est\u00e1 muy consolidado a nivel provincial. Ser\u00e1n nueve d\u00edas de una agenda muy nutrida, con la participaci\u00f3n de prestigiosas personalidades del mundo de la cultura y m\u00e1s de 180 actividades, entre presentaciones, charlas, clases abiertas y espect\u00e1culos. Adem\u00e1s, como siempre, la feria estar\u00e1 muy orientada a las infancias y a la producci\u00f3n local y regional\u201d.<\/p>\n\n\n\n<p>\u201cSin dudas, hoy Librarte se encuentra entre las cinco ferias del libro m\u00e1s importantes de la Argentina. Y para esto ha sido fundamental el impulso que desde el comienzo le ha dado el intendente Juan Jos\u00e9 Mussi, quien siempre ha entendido a este evento como una cita de promoci\u00f3n de la lectura, la producci\u00f3n literaria y la industria del libro, convirti\u00e9ndose en uno de los espacios de comercializaci\u00f3n m\u00e1s trascendentes para las librer\u00edas, las editoriales y los autores independientes\u201d, destac\u00f3 L\u00f3pez.<\/p>\n\n\n\n<p>Para conocer la programaci\u00f3n completa, se puede ingresar en <a href=\"https:\/\/berazategui.gob.ar\/librarte\">berazategui.gob.ar\/librarte<\/a><\/p>\n","protected":false},"excerpt":{"rendered":"<p>Del s\u00e1bado 4 al domingo 12 de octubre se realizar\u00e1 la 18\u00b0 edici\u00f3n de Librarte,&#8230;<\/p>\n","protected":false},"author":2,"featured_media":13315,"comment_status":"open","ping_status":"open","sticky":false,"template":"","format":"standard","meta":{"_jetpack_memberships_contains_paid_content":false,"footnotes":""},"categories":[6],"tags":[11,47,9],"class_list":["post-13314","post","type-post","status-publish","format-standard","has-post-thumbnail","hentry","category-berazategui","tag-berazategui","tag-federico-lopez","tag-juan-jose-mussi"],"jetpack_featured_media_url":"https:\/\/i0.wp.com\/realidadsur.com.ar\/wp-content\/uploads\/2025\/09\/Berazategui-se-prepara-para-la-18%C2%B0-Feria-del-Libro-Municipal-3.jpg?fit=1600%2C1066&ssl=1","jetpack_sharing_enabled":true,"_links":{"self":[{"href":"https:\/\/realidadsur.com.ar\/index.php?rest_route=\/wp\/v2\/posts\/13314","targetHints":{"allow":["GET"]}}],"collection":[{"href":"https:\/\/realidadsur.com.ar\/index.php?rest_route=\/wp\/v2\/posts"}],"about":[{"href":"https:\/\/realidadsur.com.ar\/index.php?rest_route=\/wp\/v2\/types\/post"}],"author":[{"embeddable":true,"href":"https:\/\/realidadsur.com.ar\/index.php?rest_route=\/wp\/v2\/users\/2"}],"replies":[{"embeddable":true,"href":"https:\/\/realidadsur.com.ar\/index.php?rest_route=%2Fwp%2Fv2%2Fcomments&post=13314"}],"version-history":[{"count":1,"href":"https:\/\/realidadsur.com.ar\/index.php?rest_route=\/wp\/v2\/posts\/13314\/revisions"}],"predecessor-version":[{"id":13317,"href":"https:\/\/realidadsur.com.ar\/index.php?rest_route=\/wp\/v2\/posts\/13314\/revisions\/13317"}],"wp:featuredmedia":[{"embeddable":true,"href":"https:\/\/realidadsur.com.ar\/index.php?rest_route=\/wp\/v2\/media\/13315"}],"wp:attachment":[{"href":"https:\/\/realidadsur.com.ar\/index.php?rest_route=%2Fwp%2Fv2%2Fmedia&parent=13314"}],"wp:term":[{"taxonomy":"category","embeddable":true,"href":"https:\/\/realidadsur.com.ar\/index.php?rest_route=%2Fwp%2Fv2%2Fcategories&post=13314"},{"taxonomy":"post_tag","embeddable":true,"href":"https:\/\/realidadsur.com.ar\/index.php?rest_route=%2Fwp%2Fv2%2Ftags&post=13314"}],"curies":[{"name":"wp","href":"https:\/\/api.w.org\/{rel}","templated":true}]}}